{"id":497091,"date":"2017-08-29T18:33:11","date_gmt":"2017-08-29T23:33:11","guid":{"rendered":"https:\/\/www.futboltotal.com.mx\/?p=497091"},"modified":"2017-08-29T18:33:11","modified_gmt":"2017-08-29T23:33:11","slug":"mexico-merece-respeto-tras-gran-paso-en-el-hexagonal-giovani-dos-santos","status":"publish","type":"post","link":"http:\/\/desarrollo.grupomedios.com\/futbol\/destacado-home\/mexico-merece-respeto-tras-gran-paso-en-el-hexagonal-giovani-dos-santos\/2017\/08","title":{"rendered":"M\u00e9xico merece respeto tras gran paso en el Hexagonal: &#8216;Gio&#8217;"},"content":{"rendered":"<p><strong>Giovani Dos Santos<\/strong> se\u00f1al\u00f3 que <strong>M\u00e9xico<\/strong> merece respeto tras gran paso que lleva en el <strong>Hexagonal Final<\/strong> de la Concacaf, y que lo tiene a un paso de calificar al Mundial.<\/p>\n<p>El futbolista mexicano del Galaxy de Los Angeles recalc\u00f3 que &#8220;hace cuatro a\u00f1os tuvimos un proceso muy complicado. Y ahora, estamos en una situaci\u00f3n privilegiada para poder ir al Mundial&#8221;.<\/p>\n<p style=\"text-align: center;\"><span style=\"color: #333399;\"><a style=\"color: #333399;\" href=\"https:\/\/www.futboltotal.com.mx\/2017\/08\/damian-alvarez-responde-jemez-mexicanos-no-son-indisciplinados\/\">VER M\u00c1S:\u00a0<span class=\"item-title\">Dami\u00e1n \u00c1lvarez responde a J\u00e9mez que mexicanos no son indisciplinados<\/span><\/a><\/span><\/p>\n<p>Dos Santos acept\u00f3 que tuvo una lesi\u00f3n, pero asegur\u00f3 que ha quedado superada, y ahora est\u00e1 listo para aportar en la Selecci\u00f3n Mexicana para sus juegos contra Panam\u00e1 y Costa Rica.<\/p>\n<p>M\u00e9xico es l\u00edder del Hexagonal Final con 14 puntos, y est\u00e1 a un triunfo de lograr su pase al <strong>Mundial de Rusia 2018<\/strong>.<\/p>\n<p style=\"text-align: center;\"><span style=\"color: #333399;\"><a style=\"color: #333399;\" href=\"https:\/\/www.futboltotal.com.mx\/2017\/08\/chicharito-pide-a-andrea-duro-que-se-quede-por-el-resto-de-su-vida\/\">VER M\u00c1S:\u00a0<span class=\"item-title\">\u2018Chicharito\u2019 pide a Andrea Duro que se quede por el resto de su vida<\/span><\/a><\/span><\/p>\n","protected":false},"excerpt":{"rendered":"<p>El futbolista mexicano record\u00f3 que este proceso est\u00e1 a punto de consumar su pase al Mundial<\/p>\n","protected":false},"author":20,"featured_media":497097,"comment_status":"closed","ping_status":"closed","sticky":false,"template":"","format":"standard","meta":[],"categories":[5,2198,3847],"tags":[5982,397],"_links":{"self":[{"href":"http:\/\/desarrollo.grupomedios.com\/futbol\/wp-json\/wp\/v2\/posts\/497091"}],"collection":[{"href":"http:\/\/desarrollo.grupomedios.com\/futbol\/wp-json\/wp\/v2\/posts"}],"about":[{"href":"http:\/\/desarrollo.grupomedios.com\/futbol\/wp-json\/wp\/v2\/types\/post"}],"author":[{"embeddable":true,"href":"http:\/\/desarrollo.grupomedios.com\/futbol\/wp-json\/wp\/v2\/users\/20"}],"replies":[{"embeddable":true,"href":"http:\/\/desarrollo.grupomedios.com\/futbol\/wp-json\/wp\/v2\/comments?post=497091"}],"version-history":[{"count":1,"href":"http:\/\/desarrollo.grupomedios.com\/futbol\/wp-json\/wp\/v2\/posts\/497091\/revisions"}],"predecessor-version":[{"id":497106,"href":"http:\/\/desarrollo.grupomedios.com\/futbol\/wp-json\/wp\/v2\/posts\/497091\/revisions\/497106"}],"wp:featuredmedia":[{"embeddable":true,"href":"http:\/\/desarrollo.grupomedios.com\/futbol\/wp-json\/wp\/v2\/media\/497097"}],"wp:attachment":[{"href":"http:\/\/desarrollo.grupomedios.com\/futbol\/wp-json\/wp\/v2\/media?parent=497091"}],"wp:term":[{"taxonomy":"category","embeddable":true,"href":"http:\/\/desarrollo.grupomedios.com\/futbol\/wp-json\/wp\/v2\/categories?post=497091"},{"taxonomy":"post_tag","embeddable":true,"href":"http:\/\/desarrollo.grupomedios.com\/futbol\/wp-json\/wp\/v2\/tags?post=497091"}],"curies":[{"name":"wp","href":"https:\/\/api.w.org\/{rel}","templated":true}]}}