{"id":497130,"date":"2017-09-03T09:10:11","date_gmt":"2017-09-03T14:10:11","guid":{"rendered":"https:\/\/www.futboltotal.com.mx\/?p=497130"},"modified":"2017-09-03T13:56:01","modified_gmt":"2017-09-03T18:56:01","slug":"pumas-vs-celaya-copa-mx-minuto-a-minuto","status":"publish","type":"post","link":"http:\/\/desarrollo.grupomedios.com\/futbol\/futbol-mexicano\/pumas-vs-celaya-copa-mx-minuto-a-minuto\/2017\/09","title":{"rendered":"MINUTO A MINUTO | Pumas vs Celaya, una m\u00ednima esperanza"},"content":{"rendered":"<p>Los <strong>Pumas de la UNAM<\/strong> reciben la visita de los <em>Toros<\/em> del <strong>Celaya<\/strong> en duelo de la Jornada 5 de la Copa Mx.<\/p>\n<iframe src=\"https:\/\/en-vivo.futboltotal.com.mx\/embed.php\/?id=259\" width=\"100%\" id=\"frame_minuto\"><\/iframe>\n<p>Los universitarios tienen tan s\u00f3lo dos unidades, y s\u00f3lo ganando sus dos partidos que le restan en la justa copera podr\u00edan acceder a la siguiente fase. La primera parte de la tarea es ganar en CU.<\/p>\n<p>El equipo del baj\u00edo no vive una de sus mejores etapas, y espera sacar al menos un resultado digno de su visita al Ol\u00edmpico Universitario.<\/p>\n<p>&nbsp;<\/p>\n","protected":false},"excerpt":{"rendered":"<p>Los universitarios buscan un respiro y para ello tienen que derrotar a los del Baj\u00edo<\/p>\n","protected":false},"author":20,"featured_media":497900,"comment_status":"closed","ping_status":"closed","sticky":false,"template":"","format":"standard","meta":[],"categories":[4247,2198],"tags":[2502,285,74],"_links":{"self":[{"href":"http:\/\/desarrollo.grupomedios.com\/futbol\/wp-json\/wp\/v2\/posts\/497130"}],"collection":[{"href":"http:\/\/desarrollo.grupomedios.com\/futbol\/wp-json\/wp\/v2\/posts"}],"about":[{"href":"http:\/\/desarrollo.grupomedios.com\/futbol\/wp-json\/wp\/v2\/types\/post"}],"author":[{"embeddable":true,"href":"http:\/\/desarrollo.grupomedios.com\/futbol\/wp-json\/wp\/v2\/users\/20"}],"replies":[{"embeddable":true,"href":"http:\/\/desarrollo.grupomedios.com\/futbol\/wp-json\/wp\/v2\/comments?post=497130"}],"version-history":[{"count":3,"href":"http:\/\/desarrollo.grupomedios.com\/futbol\/wp-json\/wp\/v2\/posts\/497130\/revisions"}],"predecessor-version":[{"id":497524,"href":"http:\/\/desarrollo.grupomedios.com\/futbol\/wp-json\/wp\/v2\/posts\/497130\/revisions\/497524"}],"wp:featuredmedia":[{"embeddable":true,"href":"http:\/\/desarrollo.grupomedios.com\/futbol\/wp-json\/wp\/v2\/media\/497900"}],"wp:attachment":[{"href":"http:\/\/desarrollo.grupomedios.com\/futbol\/wp-json\/wp\/v2\/media?parent=497130"}],"wp:term":[{"taxonomy":"category","embeddable":true,"href":"http:\/\/desarrollo.grupomedios.com\/futbol\/wp-json\/wp\/v2\/categories?post=497130"},{"taxonomy":"post_tag","embeddable":true,"href":"http:\/\/desarrollo.grupomedios.com\/futbol\/wp-json\/wp\/v2\/tags?post=497130"}],"curies":[{"name":"wp","href":"https:\/\/api.w.org\/{rel}","templated":true}]}}