{"id":497146,"date":"2017-08-29T23:16:50","date_gmt":"2017-08-30T04:16:50","guid":{"rendered":"https:\/\/www.futboltotal.com.mx\/?p=497146"},"modified":"2017-08-29T23:16:50","modified_gmt":"2017-08-30T04:16:50","slug":"resultados-cronica-cimarrones-2-2-queretaro-copa-mx","status":"publish","type":"post","link":"http:\/\/desarrollo.grupomedios.com\/futbol\/futbol-mexicano\/resultados-cronica-cimarrones-2-2-queretaro-copa-mx\/2017\/08","title":{"rendered":"Cimarrones y Quer\u00e9taro empataron con golazos"},"content":{"rendered":"<p>De \u00faltimo minuto <strong>Cimarrones<\/strong> empat\u00f3 2-2 contra <strong>Quer\u00e9taro<\/strong>, con este resultado los Gallos no tienen asegurado su lugar en la siguiente ronda, ya que con cuatro puntos esperar\u00e1 ser uno de los mejores segundos lugares, mientras que Cimarrones est\u00e1 descalificado a falta de jugar un partido contra Pachuca que ya tiene su pase a la siguiente ronda.<\/p>\n<p style=\"text-align: center;\"><span style=\"color: #0000ff;\"><a style=\"color: #0000ff;\" href=\"https:\/\/www.futboltotal.com.mx\/2017\/08\/confirman-llegada-miller-bolanos-a-xolos-de-tijuana\/\" target=\"_blank\" rel=\"noopener noreferrer\">VER M\u00c1S: Confirman llegada de Miller Bola\u00f1os a Xolos de Tijuana<\/a><\/span><\/p>\n<p>En un primer tiempo con muchas faltas, los Gallos fueron quienes m\u00e1s propusieron en ofensiva, con Yrizar, Villa y Candelo, los visitantes se ve\u00edan m\u00e1s peligrosos y fue en el minuto 38 cuando dentro del \u00e1rea el &#8216;Tito&#8217; Villa cay\u00f3 debido a un pisot\u00f3n, el \u00e1rbitro lo vio y no dud\u00f3 en marcar penal. Esqueda fue el encargado de convertirlo en gol.<\/p>\n<blockquote class=\"twitter-video\" data-lang=\"es\">\n<p dir=\"ltr\" lang=\"pt\"><a href=\"https:\/\/twitter.com\/hashtag\/NoTeLoPierdas?src=hash\">#NoTeLoPierdas<\/a><br \/>\nG\u26bd\u26bd\u26bdL de Luis Esqueda<a href=\"https:\/\/twitter.com\/CimarronesFC\">@CimarronesFC<\/a> 0-1 <a href=\"https:\/\/twitter.com\/Club_Queretaro\">@Club_Queretaro<\/a> <a href=\"https:\/\/twitter.com\/hashtag\/Jornada5?src=hash\">#Jornada5<\/a> <a href=\"https:\/\/twitter.com\/hashtag\/CopaCoronaMX?src=hash\">#CopaCoronaMX<\/a> &#x1f3c6; <a href=\"https:\/\/twitter.com\/hashtag\/Apertura2017?src=hash\">#Apertura2017<\/a><br \/>\n\u26bd <a href=\"https:\/\/twitter.com\/hashtag\/SienteTuLiga?src=hash\">#SienteTuLiga<\/a> \u26bd <a href=\"https:\/\/t.co\/NtdxO8965f\">pic.twitter.com\/NtdxO8965f<\/a><\/p>\n<p>\u2014 #CopaCoronaMX (@CopaCoronaMx) <a href=\"https:\/\/twitter.com\/CopaCoronaMx\/status\/902725360369971201\">30 de agosto de 2017<\/a><\/p><\/blockquote>\n<p><script async src=\"\/\/platform.twitter.com\/widgets.js\" charset=\"utf-8\"><\/script><\/p>\n<p>Para la segunda parte, los Cimarrones estaban obligados a ganar o se quedaban eliminados, de esta manera Mario Garc\u00eda, DT de los sonorenses decidi\u00f3 hacer un cambio y opt\u00f3 por el paraguayo-mexicano Gustavo Ram\u00edrez, el delantero entr\u00f3 y en su primer bal\u00f3n lo mand\u00f3 a la red.<\/p>\n<blockquote class=\"twitter-video\" data-lang=\"es\">\n<p dir=\"ltr\" lang=\"und\"><a href=\"https:\/\/twitter.com\/hashtag\/NoTeLoPierdas?src=hash\">#NoTeLoPierdas<\/a><br \/>\nG\u26bd\u26bd\u26bdL deGustavo Ram\u00edrez<a href=\"https:\/\/twitter.com\/CimarronesFC\">@CimarronesFC<\/a> 1-1 <a href=\"https:\/\/twitter.com\/Club_Queretaro\">@Club_Queretaro<\/a> <a href=\"https:\/\/twitter.com\/hashtag\/Jornada5?src=hash\">#Jornada5<\/a> <a href=\"https:\/\/twitter.com\/hashtag\/CopaCoronaMX?src=hash\">#CopaCoronaMX<\/a> &#x1f3c6; <a href=\"https:\/\/twitter.com\/hashtag\/Apertura2017?src=hash\">#Apertura2017<\/a><br \/>\n\u26bd <a href=\"https:\/\/twitter.com\/hashtag\/SienteTuLiga?src=hash\">#SienteTuLiga<\/a> \u26bd <a href=\"https:\/\/t.co\/MddtilUEH7\">pic.twitter.com\/MddtilUEH7<\/a><\/p>\n<p>\u2014 #CopaCoronaMX (@CopaCoronaMx) <a href=\"https:\/\/twitter.com\/CopaCoronaMx\/status\/902737930707456007\">30 de agosto de 2017<\/a><\/p><\/blockquote>\n<p><script async src=\"\/\/platform.twitter.com\/widgets.js\" charset=\"utf-8\"><\/script><\/p>\n<p>Despu\u00e9s del gol del empate, Quer\u00e9taro sali\u00f3 en busca desesperadamente del gol, pero tras una jugada en ofensiva le qued\u00f3 el bal\u00f3n a Paolo Yrizar quien con un excelente toque lo puso en el \u00e1ngulo del arco de Cimarrones.<\/p>\n<blockquote class=\"twitter-video\" data-lang=\"es\">\n<p dir=\"ltr\" lang=\"es\"><a href=\"https:\/\/twitter.com\/hashtag\/NoTeLoPierdas?src=hash\">#NoTeLoPierdas<\/a><br \/>\nG\u26bd\u26bd\u26bdLAAAZO de Paolo Yrizar<a href=\"https:\/\/twitter.com\/CimarronesFC\">@CimarronesFC<\/a> 1-2 <a href=\"https:\/\/twitter.com\/Club_Queretaro\">@Club_Queretaro<\/a> <a href=\"https:\/\/twitter.com\/hashtag\/Jornada5?src=hash\">#Jornada5<\/a> <a href=\"https:\/\/twitter.com\/hashtag\/CopaCoronaMX?src=hash\">#CopaCoronaMX<\/a> &#x1f3c6; <a href=\"https:\/\/twitter.com\/hashtag\/Apertura2017?src=hash\">#Apertura2017<\/a><br \/>\n\u26bd <a href=\"https:\/\/twitter.com\/hashtag\/SienteTuLiga?src=hash\">#SienteTuLiga<\/a> \u26bd <a href=\"https:\/\/t.co\/pehBw4PTbT\">pic.twitter.com\/pehBw4PTbT<\/a><\/p>\n<p>\u2014 #CopaCoronaMX (@CopaCoronaMx) <a href=\"https:\/\/twitter.com\/CopaCoronaMx\/status\/902738706498555904\">30 de agosto de 2017<\/a><\/p><\/blockquote>\n<p><script async src=\"\/\/platform.twitter.com\/widgets.js\" charset=\"utf-8\"><\/script><\/p>\n<p>Casi al final del partido \u00d3scar Ra\u00ed Villa se tir\u00f3 una palomita, conect\u00f3 el bal\u00f3n y anot\u00f3 el gol del empate.<\/p>\n<blockquote class=\"twitter-video\" data-lang=\"es\">\n<p dir=\"ltr\" lang=\"fr\"><a href=\"https:\/\/twitter.com\/hashtag\/NoTeLoPierdas?src=hash\">#NoTeLoPierdas<\/a><br \/>\nG\u26bd\u26bd\u26bdL de Oscar Rai Villa<a href=\"https:\/\/twitter.com\/CimarronesFC\">@CimarronesFC<\/a> 2-2 <a href=\"https:\/\/twitter.com\/Club_Queretaro\">@Club_Queretaro<\/a> <a href=\"https:\/\/twitter.com\/hashtag\/Jornada5?src=hash\">#Jornada5<\/a> <a href=\"https:\/\/twitter.com\/hashtag\/CopaCoronaMX?src=hash\">#CopaCoronaMX<\/a> &#x1f3c6; <a href=\"https:\/\/twitter.com\/hashtag\/Apertura2017?src=hash\">#Apertura2017<\/a><br \/>\n\u26bd <a href=\"https:\/\/twitter.com\/hashtag\/SienteTuLiga?src=hash\">#SienteTuLiga<\/a> \u26bd <a href=\"https:\/\/t.co\/RYriyKiWf3\">pic.twitter.com\/RYriyKiWf3<\/a><\/p>\n<p>\u2014 #CopaCoronaMX (@CopaCoronaMx) <a href=\"https:\/\/twitter.com\/CopaCoronaMx\/status\/902743400100835328\">30 de agosto de 2017<\/a><\/p><\/blockquote>\n<p><script async src=\"\/\/platform.twitter.com\/widgets.js\" charset=\"utf-8\"><\/script><\/p>\n","protected":false},"excerpt":{"rendered":"<p>En el partido menos atractivo del d\u00eda, ambos equipos lograron dar espect\u00e1culo con sus goles.<\/p>\n","protected":false},"author":155,"featured_media":497156,"comment_status":"closed","ping_status":"closed","sticky":false,"template":"","format":"standard","meta":[],"categories":[4247,2198],"tags":[8034,285,5970],"_links":{"self":[{"href":"http:\/\/desarrollo.grupomedios.com\/futbol\/wp-json\/wp\/v2\/posts\/497146"}],"collection":[{"href":"http:\/\/desarrollo.grupomedios.com\/futbol\/wp-json\/wp\/v2\/posts"}],"about":[{"href":"http:\/\/desarrollo.grupomedios.com\/futbol\/wp-json\/wp\/v2\/types\/post"}],"author":[{"embeddable":true,"href":"http:\/\/desarrollo.grupomedios.com\/futbol\/wp-json\/wp\/v2\/users\/155"}],"replies":[{"embeddable":true,"href":"http:\/\/desarrollo.grupomedios.com\/futbol\/wp-json\/wp\/v2\/comments?post=497146"}],"version-history":[{"count":1,"href":"http:\/\/desarrollo.grupomedios.com\/futbol\/wp-json\/wp\/v2\/posts\/497146\/revisions"}],"predecessor-version":[{"id":497157,"href":"http:\/\/desarrollo.grupomedios.com\/futbol\/wp-json\/wp\/v2\/posts\/497146\/revisions\/497157"}],"wp:featuredmedia":[{"embeddable":true,"href":"http:\/\/desarrollo.grupomedios.com\/futbol\/wp-json\/wp\/v2\/media\/497156"}],"wp:attachment":[{"href":"http:\/\/desarrollo.grupomedios.com\/futbol\/wp-json\/wp\/v2\/media?parent=497146"}],"wp:term":[{"taxonomy":"category","embeddable":true,"href":"http:\/\/desarrollo.grupomedios.com\/futbol\/wp-json\/wp\/v2\/categories?post=497146"},{"taxonomy":"post_tag","embeddable":true,"href":"http:\/\/desarrollo.grupomedios.com\/futbol\/wp-json\/wp\/v2\/tags?post=497146"}],"curies":[{"name":"wp","href":"https:\/\/api.w.org\/{rel}","templated":true}]}}