{"id":497161,"date":"2017-08-30T09:22:22","date_gmt":"2017-08-30T14:22:22","guid":{"rendered":"https:\/\/www.futboltotal.com.mx\/?p=497161"},"modified":"2017-08-30T09:22:22","modified_gmt":"2017-08-30T14:22:22","slug":"benzema-sigue-sin-llamado-francia-interes-del-equipo","status":"publish","type":"post","link":"http:\/\/desarrollo.grupomedios.com\/futbol\/futbol-internacional\/benzema-sigue-sin-llamado-francia-interes-del-equipo\/2017\/08","title":{"rendered":"Benzema sigue sin ser llamado con Francia por &#8220;inter\u00e9s del equipo&#8221;"},"content":{"rendered":"<p class=\"DETALLE_N_titulo \"><span id=\"ctl14_lblMostra\">El seleccionador de <strong>Francia<\/strong>,\u00a0<strong>Didier Deschamps<\/strong>, justific\u00f3 no convocar al madridista <strong>Karim Benzema<\/strong> desde su imputaci\u00f3n por un presunto chantaje a otro jugador porque antepone el inter\u00e9s del equipo.<\/p>\n<p>En una entrevista publicada por Le Parisien, Deschamps reconoci\u00f3 que dejar fuera de la selecci\u00f3n a Benzema &#8220;no fue una de las decisiones m\u00e1s f\u00e1ciles&#8221;, que la pens\u00f3 bien y que defendi\u00f3 &#8220;mucho&#8221; al jugador tanto antes como durante ese periodo porque &#8220;(le) parec\u00eda l\u00f3gico&#8221;.<\/p>\n<p>&#8220;Hice -cont\u00f3- un an\u00e1lisis no sobre un individuo, sino sobre un grupo. El colectivo siempre ha estado por encima. Luego eleg\u00ed \u00fanicamente en funci\u00f3n de lo que creo que es bueno para la selecci\u00f3n francesa. Siempre he actuado as\u00ed. Decid\u00ed y asumo mi decisi\u00f3n&#8221;.<\/span><\/p>\n<p class=\"DETALLE_N_titulo \" style=\"text-align: center;\"><span id=\"ctl14_lblMostra\"><a href=\"https:\/\/www.futboltotal.com.mx\/2017\/08\/mexico-merece-respeto-tras-gran-paso-en-el-hexagonal-giovani-dos-santos\/\" target=\"_blank\" rel=\"noopener noreferrer\"><span style=\"color: #333399;\">VER M\u00c1S: Gio asegura: &#8220;M\u00e9xico merece respeto por su paso en el Hexagonal&#8221;<\/span><\/a><\/span><\/p>\n<p class=\"DETALLE_N_titulo \"><span id=\"ctl14_lblMostra\">Al anunciar el pasado d\u00eda 24 los jugadores convocados para los partidos que Francia juega ma\u00f1ana ante Holanda y el 3 de septiembre contra Luxemburgo, Deschamps volvi\u00f3 a dejar fuera a Benzema, como viene haciendo desde el oto\u00f1o de 2015.<\/p>\n<p>Eso pese a que el futbolista ha conseguido el levantamiento del control judicial que pesaba sobre \u00e9l vinculado a su inculpaci\u00f3n por supuesta implicaci\u00f3n en el caso del chantaje a Mathieu Valbuena en relaci\u00f3n con un v\u00eddeo de contenido sexual.<\/span><\/p>\n<div id=\"texto\" class=\"texto_txt\"><\/div>\n","protected":false},"excerpt":{"rendered":"<p>El t\u00e9cnico de &#8216;Les Bleus&#8217; confes\u00f3 lo complicado que ha sido dejar fuera al goleador.<\/p>\n","protected":false},"author":144,"featured_media":432808,"comment_status":"closed","ping_status":"closed","sticky":false,"template":"","format":"standard","meta":[],"categories":[3839],"tags":[3188,413,6042],"_links":{"self":[{"href":"http:\/\/desarrollo.grupomedios.com\/futbol\/wp-json\/wp\/v2\/posts\/497161"}],"collection":[{"href":"http:\/\/desarrollo.grupomedios.com\/futbol\/wp-json\/wp\/v2\/posts"}],"about":[{"href":"http:\/\/desarrollo.grupomedios.com\/futbol\/wp-json\/wp\/v2\/types\/post"}],"author":[{"embeddable":true,"href":"http:\/\/desarrollo.grupomedios.com\/futbol\/wp-json\/wp\/v2\/users\/144"}],"replies":[{"embeddable":true,"href":"http:\/\/desarrollo.grupomedios.com\/futbol\/wp-json\/wp\/v2\/comments?post=497161"}],"version-history":[{"count":1,"href":"http:\/\/desarrollo.grupomedios.com\/futbol\/wp-json\/wp\/v2\/posts\/497161\/revisions"}],"predecessor-version":[{"id":497164,"href":"http:\/\/desarrollo.grupomedios.com\/futbol\/wp-json\/wp\/v2\/posts\/497161\/revisions\/497164"}],"wp:featuredmedia":[{"embeddable":true,"href":"http:\/\/desarrollo.grupomedios.com\/futbol\/wp-json\/wp\/v2\/media\/432808"}],"wp:attachment":[{"href":"http:\/\/desarrollo.grupomedios.com\/futbol\/wp-json\/wp\/v2\/media?parent=497161"}],"wp:term":[{"taxonomy":"category","embeddable":true,"href":"http:\/\/desarrollo.grupomedios.com\/futbol\/wp-json\/wp\/v2\/categories?post=497161"},{"taxonomy":"post_tag","embeddable":true,"href":"http:\/\/desarrollo.grupomedios.com\/futbol\/wp-json\/wp\/v2\/tags?post=497161"}],"curies":[{"name":"wp","href":"https:\/\/api.w.org\/{rel}","templated":true}]}}