{"id":497181,"date":"2017-08-30T10:32:42","date_gmt":"2017-08-30T15:32:42","guid":{"rendered":"https:\/\/www.futboltotal.com.mx\/?p=497181"},"modified":"2017-08-30T12:08:07","modified_gmt":"2017-08-30T17:08:07","slug":"chicharito-tercer-mejor-delantero-la-premier-league","status":"publish","type":"post","link":"http:\/\/desarrollo.grupomedios.com\/futbol\/destacado-home\/chicharito-tercer-mejor-delantero-la-premier-league\/2017\/08","title":{"rendered":"Chicharito, tercer mejor delantero de la Premier League"},"content":{"rendered":"<p><strong>Javier Chicharito Hern\u00e1ndez<\/strong> fue colocado en el Top 3 de delanteros en lo que va de la <strong>Premier League<\/strong>, a pesar que <strong>West Ham<\/strong> ha comenzado con el pie izquierdo el torneo, acumulando 3 derrotas al hilo.<\/p>\n<p><em>InStat Football,\u00a0<\/em>encargado de revelar estad\u00edsticas y an\u00e1lisis de las ligas europeas, puso al delantero mexicano como el tercer mejor delantero de toda la Premier League.<\/p>\n<p style=\"text-align: center;\"><span style=\"color: #333399;\"><a style=\"color: #333399;\" href=\"https:\/\/www.futboltotal.com.mx\/2017\/08\/6-uniformes-la-liga-mx-a-la-francesa\/\" target=\"_blank\" rel=\"noopener noreferrer\">VER M\u00c1S: 6 uniformes de la Liga MX a la francesa<\/a><\/span><\/p>\n<p style=\"text-align: center;\"><a href=\"https:\/\/www.futboltotal.com.mx\/wp-content\/uploads\/2017\/08\/delanteros-lukaku.jpg\"><img decoding=\"async\" loading=\"lazy\" class=\"alignnone size-full wp-image-497185\" src=\"https:\/\/www.futboltotal.com.mx\/wp-content\/uploads\/2017\/08\/delanteros-lukaku.jpg\" alt=\"Chicharito, tercer mejor delantero de la Premier League 0\" srcset=\"http:\/\/desarrollo.grupomedios.com\/futbol\/wp-content\/uploads\/2017\/08\/delanteros-lukaku.jpg 398w, http:\/\/desarrollo.grupomedios.com\/futbol\/wp-content\/uploads\/2017\/08\/delanteros-lukaku-216x300.jpg 216w\" sizes=\"(max-width: 398px) 100vw, 398px\" \/><\/a><\/p>\n<p>Chicharito solo est\u00e1 por debajo de <strong>Romelu Lukaku<\/strong> del <strong>Manchester United<\/strong> y <strong>Steve Mouni\u00e9<\/strong> del\u00a0<strong>Huddlesfield,\u00a0<\/strong>que ha sido la gran revelaci\u00f3n del torneo.<\/p>\n<p>La p\u00e1gina suma y resta varios par\u00e1metros; desde balones tocados, faltas recibidas y remates a la porter\u00eda y muchas m\u00e1s. \u00a0En la estad\u00edstica de faltas recibidas, el delantero mexicano se posicion\u00f3 como el n\u00famero uno.<\/p>\n<p style=\"text-align: center;\"><a href=\"https:\/\/www.futboltotal.com.mx\/wp-content\/uploads\/2017\/08\/chicharito-faltas.jpg\"><img decoding=\"async\" loading=\"lazy\" class=\"alignnone size-full wp-image-497186\" src=\"https:\/\/www.futboltotal.com.mx\/wp-content\/uploads\/2017\/08\/chicharito-faltas.jpg\" alt=\"Chicharito, tercer mejor delantero de la Premier League 1\" srcset=\"http:\/\/desarrollo.grupomedios.com\/futbol\/wp-content\/uploads\/2017\/08\/chicharito-faltas.jpg 490w, http:\/\/desarrollo.grupomedios.com\/futbol\/wp-content\/uploads\/2017\/08\/chicharito-faltas-300x242.jpg 300w\" sizes=\"(max-width: 490px) 100vw, 490px\" \/><\/a><\/p>\n<p style=\"text-align: center;\"><span style=\"color: #333399;\"><a style=\"color: #333399;\" href=\"https:\/\/www.futboltotal.com.mx\/2017\/08\/barcelona-plan-b-falla-coutinho\/\" target=\"_blank\" rel=\"noopener noreferrer\">VER M\u00c1S: Barcelona tiene plan B por si falla Coutinho<\/a><\/span><\/p>\n<p>&nbsp;<\/p>\n<p>&nbsp;<\/p>\n","protected":false},"excerpt":{"rendered":"<p>El delantero ha tenido un buen comienzo en Inglaterra<\/p>\n","protected":false},"author":20,"featured_media":495300,"comment_status":"closed","ping_status":"closed","sticky":false,"template":"","format":"standard","meta":[],"categories":[5,3839],"tags":[120,549,334,1743],"_links":{"self":[{"href":"http:\/\/desarrollo.grupomedios.com\/futbol\/wp-json\/wp\/v2\/posts\/497181"}],"collection":[{"href":"http:\/\/desarrollo.grupomedios.com\/futbol\/wp-json\/wp\/v2\/posts"}],"about":[{"href":"http:\/\/desarrollo.grupomedios.com\/futbol\/wp-json\/wp\/v2\/types\/post"}],"author":[{"embeddable":true,"href":"http:\/\/desarrollo.grupomedios.com\/futbol\/wp-json\/wp\/v2\/users\/20"}],"replies":[{"embeddable":true,"href":"http:\/\/desarrollo.grupomedios.com\/futbol\/wp-json\/wp\/v2\/comments?post=497181"}],"version-history":[{"count":1,"href":"http:\/\/desarrollo.grupomedios.com\/futbol\/wp-json\/wp\/v2\/posts\/497181\/revisions"}],"predecessor-version":[{"id":497187,"href":"http:\/\/desarrollo.grupomedios.com\/futbol\/wp-json\/wp\/v2\/posts\/497181\/revisions\/497187"}],"wp:featuredmedia":[{"embeddable":true,"href":"http:\/\/desarrollo.grupomedios.com\/futbol\/wp-json\/wp\/v2\/media\/495300"}],"wp:attachment":[{"href":"http:\/\/desarrollo.grupomedios.com\/futbol\/wp-json\/wp\/v2\/media?parent=497181"}],"wp:term":[{"taxonomy":"category","embeddable":true,"href":"http:\/\/desarrollo.grupomedios.com\/futbol\/wp-json\/wp\/v2\/categories?post=497181"},{"taxonomy":"post_tag","embeddable":true,"href":"http:\/\/desarrollo.grupomedios.com\/futbol\/wp-json\/wp\/v2\/tags?post=497181"}],"curies":[{"name":"wp","href":"https:\/\/api.w.org\/{rel}","templated":true}]}}