{"id":497189,"date":"2017-08-30T11:33:05","date_gmt":"2017-08-30T16:33:05","guid":{"rendered":"https:\/\/www.futboltotal.com.mx\/?p=497189"},"modified":"2017-08-30T11:33:05","modified_gmt":"2017-08-30T16:33:05","slug":"rafa-marquez-reaparece-en-redes-sociales-en-emotivo-video","status":"publish","type":"post","link":"http:\/\/desarrollo.grupomedios.com\/futbol\/cambio-de-juego\/rafa-marquez-reaparece-en-redes-sociales-en-emotivo-video\/2017\/08","title":{"rendered":"Rafa M\u00e1rquez reaparece en redes sociales en emotivo video"},"content":{"rendered":"<p>Pese a que el veterano defensa <strong>Rafael M\u00e1rquez<\/strong> se encuentra inactivo con el <strong>Atlas<\/strong> y fuera del ojo p\u00fablico como consecuencia de\u00a0ser vinculado con el narcotraficante <strong>Ra\u00fal Sanchez Flores<\/strong>, presuntamente como su testaferro, el a\u00fan futbolista pasa tiempo con su familia para intentar olvidar el mal momento por el que atraviesa.<\/p>\n<p>Esto qued\u00f3 de manifiesto gracias a que la esposa de <strong>M\u00e1rquez<\/strong>, la modelo <strong>Jaydy Michel<\/strong>, public\u00f3 en redes sociales un video emotivo en el que el jugador aparece junto a su hijo menor.<\/p>\n<p style=\"text-align: center;\"><a href=\"https:\/\/www.futboltotal.com.mx\/2017\/08\/6-uniformes-la-liga-mx-a-la-francesa\/\" target=\"_blank\" rel=\"noopener noreferrer\"><span style=\"color: #333399;\">VER M\u00c1S: 6 uniformes de la Liga MX a la francesa<\/span><\/a><\/p>\n<p><strong>Rafa<\/strong> se ve junto al peque\u00f1o <strong>Leonardo<\/strong> intentando ense\u00f1arle a decir &#8220;hola&#8221;; aunque no fue nada sencillo, al final M\u00e1rquez consigui\u00f3 que su hijo mandara un tierno saludo, mismo que caus\u00f3 las risas de sus padres.<\/p>\n<p>&nbsp;<\/p>\n<blockquote class=\"instagram-media\" style=\"background: #FFF; border: 0; border-radius: 3px; box-shadow: 0 0 1px 0 rgba(0,0,0,0.5),0 1px 10px 0 rgba(0,0,0,0.15); margin: 1px; max-width: 658px; padding: 0; width: calc(100% - 2px);\" data-instgrm-captioned=\"\" data-instgrm-version=\"7\">\n<div style=\"padding: 8px;\">\n<div style=\"background: #F8F8F8; line-height: 0; margin-top: 40px; padding: 62.5% 0; text-align: center; width: 100%;\"><\/div>\n<p style=\"margin: 8px 0 0 0; padding: 0 4px;\"><a style=\"color: #000; font-family: Arial,sans-serif; font-size: 14px; font-style: normal; font-weight: normal; line-height: 17px; text-decoration: none; word-wrap: break-word;\" href=\"https:\/\/www.instagram.com\/p\/BYWYj_sAxCG\/\" target=\"_blank\" rel=\"noopener noreferrer\">Tan hermosoooooo a mi pr\u00edncipe ya le ense\u00f1\u00f3 su papito a decir #Hola &#x1f60d;<\/a><\/p>\n<p style=\"color: #c9c8cd; font-family: Arial,sans-serif; font-size: 14px; line-height: 17px; margin-bottom: 0; margin-top: 8px; overflow: hidden; padding: 8px 0 7px; text-align: center; text-overflow: ellipsis; white-space: nowrap;\">A post shared by jaydymichel (@jaydymichel) on <time style=\"font-family: Arial,sans-serif; font-size: 14px; line-height: 17px;\" datetime=\"2017-08-28T19:47:38+00:00\">Aug 28, 2017 at 12:47pm PDT<\/time><\/p>\n<\/div>\n<\/blockquote>\n<p><script async defer src=\"\/\/platform.instagram.com\/en_US\/embeds.js\"><\/script><\/p>\n","protected":false},"excerpt":{"rendered":"<p>M\u00e1rquez y su hijo llamaron la atenci\u00f3n en redes sociales.<\/p>\n","protected":false},"author":20,"featured_media":482588,"comment_status":"closed","ping_status":"closed","sticky":false,"template":"","format":"standard","meta":[],"categories":[5419],"tags":[5961,3312,9995,3278,6033],"_links":{"self":[{"href":"http:\/\/desarrollo.grupomedios.com\/futbol\/wp-json\/wp\/v2\/posts\/497189"}],"collection":[{"href":"http:\/\/desarrollo.grupomedios.com\/futbol\/wp-json\/wp\/v2\/posts"}],"about":[{"href":"http:\/\/desarrollo.grupomedios.com\/futbol\/wp-json\/wp\/v2\/types\/post"}],"author":[{"embeddable":true,"href":"http:\/\/desarrollo.grupomedios.com\/futbol\/wp-json\/wp\/v2\/users\/20"}],"replies":[{"embeddable":true,"href":"http:\/\/desarrollo.grupomedios.com\/futbol\/wp-json\/wp\/v2\/comments?post=497189"}],"version-history":[{"count":1,"href":"http:\/\/desarrollo.grupomedios.com\/futbol\/wp-json\/wp\/v2\/posts\/497189\/revisions"}],"predecessor-version":[{"id":497199,"href":"http:\/\/desarrollo.grupomedios.com\/futbol\/wp-json\/wp\/v2\/posts\/497189\/revisions\/497199"}],"wp:featuredmedia":[{"embeddable":true,"href":"http:\/\/desarrollo.grupomedios.com\/futbol\/wp-json\/wp\/v2\/media\/482588"}],"wp:attachment":[{"href":"http:\/\/desarrollo.grupomedios.com\/futbol\/wp-json\/wp\/v2\/media?parent=497189"}],"wp:term":[{"taxonomy":"category","embeddable":true,"href":"http:\/\/desarrollo.grupomedios.com\/futbol\/wp-json\/wp\/v2\/categories?post=497189"},{"taxonomy":"post_tag","embeddable":true,"href":"http:\/\/desarrollo.grupomedios.com\/futbol\/wp-json\/wp\/v2\/tags?post=497189"}],"curies":[{"name":"wp","href":"https:\/\/api.w.org\/{rel}","templated":true}]}}