{"id":497195,"date":"2017-08-30T11:27:47","date_gmt":"2017-08-30T16:27:47","guid":{"rendered":"https:\/\/www.futboltotal.com.mx\/?p=497195"},"modified":"2017-08-30T11:27:47","modified_gmt":"2017-08-30T16:27:47","slug":"angel-mena-descartado-ecuador-lesion","status":"publish","type":"post","link":"http:\/\/desarrollo.grupomedios.com\/futbol\/futbol-mexicano\/angel-mena-descartado-ecuador-lesion\/2017\/08","title":{"rendered":"\u00c1ngel Mena, descartado con Ecuador por lesi\u00f3n"},"content":{"rendered":"<p><strong>\u00c1ngel Mena<\/strong>, atacante de <strong>Cruz Azul<\/strong>, se convirti\u00f3 en baja de la Selecci\u00f3n de <strong>Ecuador<\/strong> debido a una dolencia muscular, as\u00ed lo confirm\u00f3 la Federaci\u00f3n Ecuatoriana de F\u00fatbol.<\/p>\n<p style=\"text-align: center;\"><span style=\"color: #333399;\"><a style=\"color: #333399;\" href=\"https:\/\/www.futboltotal.com.mx\/2017\/08\/chicharito-tercer-mejor-delantero-la-premier-league\/\" target=\"_blank\" rel=\"noopener noreferrer\">VER M\u00c1S: Chicharito, en el Top 3 de la Premier League<\/a><\/span><\/p>\n<p>Ecuador enfrentar\u00e1 a <strong>Brasil<\/strong> el pr\u00f3ximo jueves en la eliminatoria de <strong>Conmebol para Rusia 2018<\/strong>; el problema que tiene el delantero cementero es en su pierna izquierda.<\/p>\n<blockquote class=\"twitter-tweet\" data-lang=\"es\">\n<p dir=\"ltr\" lang=\"es\">Actualidad Tricolor: <a href=\"https:\/\/t.co\/5EbfXP5pQp\">pic.twitter.com\/5EbfXP5pQp<\/a><\/p>\n<p>\u2014 FEF Ecuador (@FEFecuador) <a href=\"https:\/\/twitter.com\/FEFecuador\/status\/902695705936097280\">30 de agosto de 2017<\/a><\/p><\/blockquote>\n<p><script async src=\"\/\/platform.twitter.com\/widgets.js\" charset=\"utf-8\"><\/script><\/p>\n<p>El jugador ser\u00e1 evaluado cuando regresen de Porto Alegre, sin embargo, <strong>Ayrton Preciado<\/strong> fue convocado para el juego ante <strong>Per\u00fa<\/strong>, en caso que mena no logre recuperarse de la lesi\u00f3n que tiene; lo que tambi\u00e9n supondr\u00eda un problema para el conjunto de Cruz Azul.<\/p>\n<p style=\"text-align: center;\"><span style=\"color: #333399;\"><a style=\"color: #333399;\" href=\"https:\/\/www.futboltotal.com.mx\/2017\/08\/6-uniformes-la-liga-mx-a-la-francesa\/\" target=\"_blank\" rel=\"noopener noreferrer\">VER M\u00c1S: 6 uniformes de la Liga MX a la francesa<\/a><\/span><\/p>\n<p>&nbsp;<\/p>\n","protected":false},"excerpt":{"rendered":"<p>El jugador podr\u00eda perderse ambos partidos por molestia muscular<\/p>\n","protected":false},"author":20,"featured_media":494595,"comment_status":"closed","ping_status":"closed","sticky":false,"template":"","format":"standard","meta":[],"categories":[3839,2198,3845],"tags":[7749,5962,708],"_links":{"self":[{"href":"http:\/\/desarrollo.grupomedios.com\/futbol\/wp-json\/wp\/v2\/posts\/497195"}],"collection":[{"href":"http:\/\/desarrollo.grupomedios.com\/futbol\/wp-json\/wp\/v2\/posts"}],"about":[{"href":"http:\/\/desarrollo.grupomedios.com\/futbol\/wp-json\/wp\/v2\/types\/post"}],"author":[{"embeddable":true,"href":"http:\/\/desarrollo.grupomedios.com\/futbol\/wp-json\/wp\/v2\/users\/20"}],"replies":[{"embeddable":true,"href":"http:\/\/desarrollo.grupomedios.com\/futbol\/wp-json\/wp\/v2\/comments?post=497195"}],"version-history":[{"count":1,"href":"http:\/\/desarrollo.grupomedios.com\/futbol\/wp-json\/wp\/v2\/posts\/497195\/revisions"}],"predecessor-version":[{"id":497198,"href":"http:\/\/desarrollo.grupomedios.com\/futbol\/wp-json\/wp\/v2\/posts\/497195\/revisions\/497198"}],"wp:featuredmedia":[{"embeddable":true,"href":"http:\/\/desarrollo.grupomedios.com\/futbol\/wp-json\/wp\/v2\/media\/494595"}],"wp:attachment":[{"href":"http:\/\/desarrollo.grupomedios.com\/futbol\/wp-json\/wp\/v2\/media?parent=497195"}],"wp:term":[{"taxonomy":"category","embeddable":true,"href":"http:\/\/desarrollo.grupomedios.com\/futbol\/wp-json\/wp\/v2\/categories?post=497195"},{"taxonomy":"post_tag","embeddable":true,"href":"http:\/\/desarrollo.grupomedios.com\/futbol\/wp-json\/wp\/v2\/tags?post=497195"}],"curies":[{"name":"wp","href":"https:\/\/api.w.org\/{rel}","templated":true}]}}