{"id":497204,"date":"2017-08-30T12:10:27","date_gmt":"2017-08-30T17:10:27","guid":{"rendered":"https:\/\/www.futboltotal.com.mx\/?p=497204"},"modified":"2017-08-30T12:10:27","modified_gmt":"2017-08-30T17:10:27","slug":"201708chivas-tv-vuelve-a-fallar-en-partido-de-copa-mx","status":"publish","type":"post","link":"http:\/\/desarrollo.grupomedios.com\/futbol\/futbol-mexicano\/201708chivas-tv-vuelve-a-fallar-en-partido-de-copa-mx\/2017\/08","title":{"rendered":"Chivas TV vuelve a fallar en partido de Copa MX"},"content":{"rendered":"<p>La se\u00f1al de <strong>Chivas TV<\/strong> volvi\u00f3 a fallar a los usuarios que tienen contratado el servicio, ahora durante el encuentro de<strong> Copa MX<\/strong> ante <strong>Santos Laguna<\/strong>.<\/p>\n<p>Este hecho fue denunciado por los usuarios a trav\u00e9s de redes sociales, en Twitter \u00a0aparecieron las im\u00e1genes de la pantalla que dec\u00eda; <strong>&#8216;Channel not\u00a0available&#8217;.<\/strong><\/p>\n<p style=\"text-align: center;\"><span style=\"color: #333399;\"><a style=\"color: #333399;\" href=\"https:\/\/www.futboltotal.com.mx\/2017\/08\/6-uniformes-la-liga-mx-a-la-francesa\/\" target=\"_blank\" rel=\"noopener noreferrer\">VER M\u00c1S: 6 uniformes de la Liga MX a la francesa<\/a><\/span><\/p>\n<p>El Reba\u00f1o gan\u00f3 el encuentro 1-0 con gol de<strong> \u00c1ngel Zaldivar<\/strong> en los \u00faltimos minutos del partido.<\/p>\n<blockquote class=\"twitter-tweet\" data-lang=\"es\">\n<p dir=\"ltr\" lang=\"es\"><a href=\"https:\/\/twitter.com\/soportechivastv\">@soportechivastv<\/a> que est\u00e1 pasando con la se\u00f1al de <a href=\"https:\/\/twitter.com\/hashtag\/ChivasTv?src=hash\">#ChivasTv<\/a> no aparece el partido <a href=\"https:\/\/t.co\/kdXldK75GQ\">pic.twitter.com\/kdXldK75GQ<\/a><\/p>\n<p>\u2014 Hugo S\u00e0nchez Mendoza (@husame16) <a href=\"https:\/\/twitter.com\/husame16\/status\/902712520380751874\">30 de agosto de 2017<\/a><\/p><\/blockquote>\n<p><script async src=\"\/\/platform.twitter.com\/widgets.js\" charset=\"utf-8\"><\/script><\/p>\n<blockquote class=\"twitter-tweet\" data-conversation=\"none\" data-lang=\"es\">\n<p dir=\"ltr\" lang=\"es\">jaja lo chistoso es que si le mueves el tiempo, te encuentras una transmisi\u00f3n de un partido de la Premier, y al \u00faltimo, poquito de ChivasTV <a href=\"https:\/\/t.co\/FG74OTxPge\">pic.twitter.com\/FG74OTxPge<\/a><\/p>\n<p>\u2014 C H U Y \u26bd\ufe0f\u2764\ufe0f&#x1f410; (@ChuiiZavala) <a href=\"https:\/\/twitter.com\/ChuiiZavala\/status\/902713080043511809\">30 de agosto de 2017<\/a><\/p><\/blockquote>\n<p><script async src=\"\/\/platform.twitter.com\/widgets.js\" charset=\"utf-8\"><\/script><\/p>\n<blockquote class=\"twitter-tweet\" data-lang=\"es\">\n<p dir=\"ltr\" lang=\"es\"><a href=\"https:\/\/twitter.com\/CHIVASTV\">@chivastv<\/a> que paso? <a href=\"https:\/\/t.co\/Emzcjt7TlU\">pic.twitter.com\/Emzcjt7TlU<\/a><\/p>\n<p>\u2014 Hector Javier (@el_caifan) <a href=\"https:\/\/twitter.com\/el_caifan\/status\/902712693987188740\">30 de agosto de 2017<\/a><\/p><\/blockquote>\n<p><script async src=\"\/\/platform.twitter.com\/widgets.js\" charset=\"utf-8\"><\/script><\/p>\n<blockquote class=\"twitter-tweet\" data-lang=\"es\">\n<p dir=\"ltr\" lang=\"es\">Esto es lo que se ve en Chivastv <a href=\"https:\/\/t.co\/NJk2Hn6iZe\">pic.twitter.com\/NJk2Hn6iZe<\/a><\/p>\n<p>\u2014 Pepe1952 (@Pepe110919152) <a href=\"https:\/\/twitter.com\/Pepe110919152\/status\/902714777700413440\">30 de agosto de 2017<\/a><\/p><\/blockquote>\n<p><script async src=\"\/\/platform.twitter.com\/widgets.js\" charset=\"utf-8\"><\/script><\/p>\n<p style=\"text-align: center;\"><span style=\"color: #333399;\"><a style=\"color: #333399;\" href=\"https:\/\/www.futboltotal.com.mx\/2017\/08\/chicharito-tercer-mejor-delantero-la-premier-league\/\" target=\"_blank\" rel=\"noopener noreferrer\">VER M\u00c1S: Chicharito, tercer mejor delantero de la Premier League<\/a><\/span><\/p>\n","protected":false},"excerpt":{"rendered":"<p>El conjunto rojiblanco tuvo problemas con la se\u00f1al de TV<\/p>\n","protected":false},"author":20,"featured_media":495557,"comment_status":"closed","ping_status":"closed","sticky":false,"template":"","format":"standard","meta":[],"categories":[2198,3845],"tags":[70,7110,285,64],"_links":{"self":[{"href":"http:\/\/desarrollo.grupomedios.com\/futbol\/wp-json\/wp\/v2\/posts\/497204"}],"collection":[{"href":"http:\/\/desarrollo.grupomedios.com\/futbol\/wp-json\/wp\/v2\/posts"}],"about":[{"href":"http:\/\/desarrollo.grupomedios.com\/futbol\/wp-json\/wp\/v2\/types\/post"}],"author":[{"embeddable":true,"href":"http:\/\/desarrollo.grupomedios.com\/futbol\/wp-json\/wp\/v2\/users\/20"}],"replies":[{"embeddable":true,"href":"http:\/\/desarrollo.grupomedios.com\/futbol\/wp-json\/wp\/v2\/comments?post=497204"}],"version-history":[{"count":2,"href":"http:\/\/desarrollo.grupomedios.com\/futbol\/wp-json\/wp\/v2\/posts\/497204\/revisions"}],"predecessor-version":[{"id":497210,"href":"http:\/\/desarrollo.grupomedios.com\/futbol\/wp-json\/wp\/v2\/posts\/497204\/revisions\/497210"}],"wp:featuredmedia":[{"embeddable":true,"href":"http:\/\/desarrollo.grupomedios.com\/futbol\/wp-json\/wp\/v2\/media\/495557"}],"wp:attachment":[{"href":"http:\/\/desarrollo.grupomedios.com\/futbol\/wp-json\/wp\/v2\/media?parent=497204"}],"wp:term":[{"taxonomy":"category","embeddable":true,"href":"http:\/\/desarrollo.grupomedios.com\/futbol\/wp-json\/wp\/v2\/categories?post=497204"},{"taxonomy":"post_tag","embeddable":true,"href":"http:\/\/desarrollo.grupomedios.com\/futbol\/wp-json\/wp\/v2\/tags?post=497204"}],"curies":[{"name":"wp","href":"https:\/\/api.w.org\/{rel}","templated":true}]}}