{"id":497213,"date":"2017-08-30T12:35:41","date_gmt":"2017-08-30T17:35:41","guid":{"rendered":"https:\/\/www.futboltotal.com.mx\/?p=497213"},"modified":"2017-08-30T14:15:37","modified_gmt":"2017-08-30T19:15:37","slug":"fc-juarez-tendria-nuevo-cachirul-plantilla","status":"publish","type":"post","link":"http:\/\/desarrollo.grupomedios.com\/futbol\/futbol-mexicano\/fc-juarez-tendria-nuevo-cachirul-plantilla\/2017\/08","title":{"rendered":"FC Ju\u00e1rez tendr\u00eda un nuevo cachirul entre su plantilla"},"content":{"rendered":"<p>Parece que el tema de los cachirules se vuelve a presentar en el futbol mexicano, pues as\u00ed ha dejado con dudas la llegada del portero <strong>Guillermo Antonio Iriarte Gonz\u00e1lez<\/strong> al <strong>FC Ju\u00e1rez<\/strong> del Ascenso MX.<\/p>\n<p>El DRAFT del Ascenso se llev\u00f3 a cabo el pasado 8 de junio en Canc\u00fan y se registraron un total de 230 operaciones, pero tras dos meses despu\u00e9s, el club de la ciudad de Chihuahua ha anunciado la llegada de un nuevo jugador fuera del r\u00e9gimen marcado por la Femexfut.<\/p>\n<p style=\"text-align: center;\"><span style=\"color: #3366ff;\"><a style=\"color: #3366ff;\" href=\"https:\/\/www.futboltotal.com.mx\/2017\/08\/chicharito-tercer-mejor-delantero-la-premier-league\/\">VER M\u00c1S: Chicharito, tercer mejor delantero de la Premier League<\/a><\/span><\/p>\n<p><a href=\"https:\/\/www.futboltotal.com.mx\/wp-content\/uploads\/2017\/08\/memo-20170830114117.jpg\"><img decoding=\"async\" loading=\"lazy\" class=\"size-full wp-image-497216 aligncenter\" src=\"https:\/\/www.futboltotal.com.mx\/wp-content\/uploads\/2017\/08\/memo-20170830114117.jpg\" alt=\"FC Ju\u00e1rez tendr\u00eda un nuevo cachirul entre su plantilla 0\" srcset=\"http:\/\/desarrollo.grupomedios.com\/futbol\/wp-content\/uploads\/2017\/08\/memo-20170830114117.jpg 599w, http:\/\/desarrollo.grupomedios.com\/futbol\/wp-content\/uploads\/2017\/08\/memo-20170830114117-266x300.jpg 266w\" sizes=\"(max-width: 599px) 100vw, 599px\" \/><\/a><\/p>\n<p>Seg\u00fan las reglas de la FMF, Guillermo Iriarte no pod\u00eda haber sido contratado por ning\u00fan equipo del futbol mexicano debido al cierre de registros, pues en casos como este, jugadores mexicanos han tenido que optar por partir al futbol de Centroam\u00e9rica.<\/p>\n<p>Esta situaci\u00f3n crea incertidumbre en el <strong>futbol mexicano<\/strong>, pues Cirilo Saucedo no pudo jugar con <strong>Lobos BUAP<\/strong> por la lesi\u00f3n de Lucero \u00c1lvarez debido a que no se registr\u00f3 dentro del pasado DRAFT, situaci\u00f3n similar a Iriarte, quien s\u00ed habr\u00eda sido contratado.<\/p>\n<p>En caso de que <strong>FC Ju\u00e1rez<\/strong> haya violado el reglamento, esto implicar\u00eda una sanci\u00f3n, seg\u00fan al art\u00edculo 45 (alineaci\u00f3n indebida) el castigo ser\u00eda la p\u00e9rdida de puntos obtenidos, los cuales se sumar\u00e1n a los equipos rivales.<\/p>\n","protected":false},"excerpt":{"rendered":"<p>El tema de los cachirules estar\u00eda de nuevo en el futbol mexicano.<\/p>\n","protected":false},"author":20,"featured_media":497217,"comment_status":"closed","ping_status":"closed","sticky":false,"template":"","format":"standard","meta":[],"categories":[2198,3845],"tags":[432,6558,64],"_links":{"self":[{"href":"http:\/\/desarrollo.grupomedios.com\/futbol\/wp-json\/wp\/v2\/posts\/497213"}],"collection":[{"href":"http:\/\/desarrollo.grupomedios.com\/futbol\/wp-json\/wp\/v2\/posts"}],"about":[{"href":"http:\/\/desarrollo.grupomedios.com\/futbol\/wp-json\/wp\/v2\/types\/post"}],"author":[{"embeddable":true,"href":"http:\/\/desarrollo.grupomedios.com\/futbol\/wp-json\/wp\/v2\/users\/20"}],"replies":[{"embeddable":true,"href":"http:\/\/desarrollo.grupomedios.com\/futbol\/wp-json\/wp\/v2\/comments?post=497213"}],"version-history":[{"count":2,"href":"http:\/\/desarrollo.grupomedios.com\/futbol\/wp-json\/wp\/v2\/posts\/497213\/revisions"}],"predecessor-version":[{"id":497244,"href":"http:\/\/desarrollo.grupomedios.com\/futbol\/wp-json\/wp\/v2\/posts\/497213\/revisions\/497244"}],"wp:featuredmedia":[{"embeddable":true,"href":"http:\/\/desarrollo.grupomedios.com\/futbol\/wp-json\/wp\/v2\/media\/497217"}],"wp:attachment":[{"href":"http:\/\/desarrollo.grupomedios.com\/futbol\/wp-json\/wp\/v2\/media?parent=497213"}],"wp:term":[{"taxonomy":"category","embeddable":true,"href":"http:\/\/desarrollo.grupomedios.com\/futbol\/wp-json\/wp\/v2\/categories?post=497213"},{"taxonomy":"post_tag","embeddable":true,"href":"http:\/\/desarrollo.grupomedios.com\/futbol\/wp-json\/wp\/v2\/tags?post=497213"}],"curies":[{"name":"wp","href":"https:\/\/api.w.org\/{rel}","templated":true}]}}