{"id":497214,"date":"2017-08-30T12:22:40","date_gmt":"2017-08-30T17:22:40","guid":{"rendered":"https:\/\/www.futboltotal.com.mx\/?p=497214"},"modified":"2017-08-30T12:22:40","modified_gmt":"2017-08-30T17:22:40","slug":"mats-hummels-tachado-irresponsable-este-video","status":"publish","type":"post","link":"http:\/\/desarrollo.grupomedios.com\/futbol\/cambio-de-juego\/mats-hummels-tachado-irresponsable-este-video\/2017\/08","title":{"rendered":"Mats Hummels, tachado de irresponsable por este video"},"content":{"rendered":"<p><strong>Mats Hummels<\/strong>, defensa central del <strong>Bayern Munich<\/strong> y la <strong>Selecci\u00f3n de Alemania<\/strong>, est\u00e1 siendo criticado por un video que presumi\u00f3 a trav\u00e9s de Instagram.<\/p>\n<p>El central escribi\u00f3;\u00a0<strong>&#8220;Parece m\u00e1s espectacular de lo que es en realidad pero no lo intentes en casa&#8221;,\u00a0<\/strong>junto a un video en el que se pon\u00eda en riesgo saltando desde un balc\u00f3n de\u00a0tres metros a una peque\u00f1a piscina.<\/p>\n<p style=\"text-align: center;\"><span style=\"color: #333399;\"><a style=\"color: #333399;\" href=\"https:\/\/www.futboltotal.com.mx\/2017\/08\/chicharito-tercer-mejor-delantero-la-premier-league\/\" target=\"_blank\" rel=\"noopener noreferrer\">VER M\u00c1S: Chicharito, tercer mejor delantero de la Premier League<\/a><\/span><\/p>\n<p>Aficionados lo han tachado de irresponsable, pues da un mal ejemplo y se pone en riesgo de una lesi\u00f3n. Incluso\u00a0<strong>Oliver Bierhoff<\/strong>, manager general de Alemania, dijo; <strong>&#8220;No somos la polic\u00eda de las redes sociales pero hay que destacar que los futbolistas de nuestra selecci\u00f3n han de ser ejemplo&#8221;.<\/strong><\/p>\n<p>Aunque no se espera que el jugador tenga alg\u00fan tipo de sanci\u00f3n al respecto.<\/p>\n<blockquote class=\"twitter-video\" data-lang=\"es\">\n<p dir=\"ltr\" lang=\"es\">&#x1f4f9;<a href=\"https:\/\/twitter.com\/matshummels\">@matshummels<\/a> est\u00e1 siendo calificado de irresponsable por este video que public\u00f3 en redes sociales. \u00bfCreen que debi\u00f3 tener m\u00e1s cuidado? <a href=\"https:\/\/t.co\/jOe6sIIDKY\">pic.twitter.com\/jOe6sIIDKY<\/a><\/p>\n<p>\u2014 CANCHA (@reformacancha) <a href=\"https:\/\/twitter.com\/reformacancha\/status\/902941437712637952\">30 de agosto de 2017<\/a><\/p><\/blockquote>\n<p><script async src=\"\/\/platform.twitter.com\/widgets.js\" charset=\"utf-8\"><\/script><\/p>\n<p style=\"text-align: center;\"><span style=\"color: #333399;\"><a style=\"color: #333399;\" href=\"https:\/\/www.futboltotal.com.mx\/2017\/08\/6-uniformes-la-liga-mx-a-la-francesa\/\" target=\"_blank\" rel=\"noopener noreferrer\">VER M\u00c1S: 6 uniformes de la Liga MX a la francesa<\/a><\/span><\/p>\n","protected":false},"excerpt":{"rendered":"<p>El defensa de Alemania fue reprochado por su conducta<\/p>\n","protected":false},"author":20,"featured_media":480236,"comment_status":"closed","ping_status":"closed","sticky":false,"template":"","format":"standard","meta":[],"categories":[5419],"tags":[6000,2056,6083],"_links":{"self":[{"href":"http:\/\/desarrollo.grupomedios.com\/futbol\/wp-json\/wp\/v2\/posts\/497214"}],"collection":[{"href":"http:\/\/desarrollo.grupomedios.com\/futbol\/wp-json\/wp\/v2\/posts"}],"about":[{"href":"http:\/\/desarrollo.grupomedios.com\/futbol\/wp-json\/wp\/v2\/types\/post"}],"author":[{"embeddable":true,"href":"http:\/\/desarrollo.grupomedios.com\/futbol\/wp-json\/wp\/v2\/users\/20"}],"replies":[{"embeddable":true,"href":"http:\/\/desarrollo.grupomedios.com\/futbol\/wp-json\/wp\/v2\/comments?post=497214"}],"version-history":[{"count":1,"href":"http:\/\/desarrollo.grupomedios.com\/futbol\/wp-json\/wp\/v2\/posts\/497214\/revisions"}],"predecessor-version":[{"id":497215,"href":"http:\/\/desarrollo.grupomedios.com\/futbol\/wp-json\/wp\/v2\/posts\/497214\/revisions\/497215"}],"wp:featuredmedia":[{"embeddable":true,"href":"http:\/\/desarrollo.grupomedios.com\/futbol\/wp-json\/wp\/v2\/media\/480236"}],"wp:attachment":[{"href":"http:\/\/desarrollo.grupomedios.com\/futbol\/wp-json\/wp\/v2\/media?parent=497214"}],"wp:term":[{"taxonomy":"category","embeddable":true,"href":"http:\/\/desarrollo.grupomedios.com\/futbol\/wp-json\/wp\/v2\/categories?post=497214"},{"taxonomy":"post_tag","embeddable":true,"href":"http:\/\/desarrollo.grupomedios.com\/futbol\/wp-json\/wp\/v2\/tags?post=497214"}],"curies":[{"name":"wp","href":"https:\/\/api.w.org\/{rel}","templated":true}]}}