{"id":497240,"date":"2017-08-30T14:46:29","date_gmt":"2017-08-30T19:46:29","guid":{"rendered":"https:\/\/www.futboltotal.com.mx\/?p=497240"},"modified":"2017-08-30T14:47:04","modified_gmt":"2017-08-30T19:47:04","slug":"explotan-analistas-espn-contra-periodista-panama","status":"publish","type":"post","link":"http:\/\/desarrollo.grupomedios.com\/futbol\/cambio-de-juego\/explotan-analistas-espn-contra-periodista-panama\/2017\/08","title":{"rendered":"\u00a1Explotan analistas de ESPN contra periodista de Panam\u00e1!"},"content":{"rendered":"<p>Las declaraciones del defensor paname\u00f1o <strong>Alfonso Machado<\/strong> refiri\u00e9ndose a <strong>M\u00e9xico<\/strong>, su selecci\u00f3n de futbol y su afici\u00f3n al asegurar que\u00a0<span style=\"color: #333399;\"><a href=\"https:\/\/www.futboltotal.com.mx\/2017\/08\/jugador-panameno-dice-mexico-es-equipo-sobrevalorado\/\" target=\"_blank\" rel=\"noopener noreferrer\">se creen &#8220;la \u00faltima Coca-Cola del desierto&#8221;<\/a>\u00a0<\/span>siguen generando reacciones pol\u00e9micas desde ambos bandos.<\/p>\n<p>Primero fue el turno de <a href=\"https:\/\/www.futboltotal.com.mx\/2017\/08\/hugo-sanchez-respondio-a-machado-a-ti-no-te-respeto-quien-eres\/\" target=\"_blank\" rel=\"noopener noreferrer\"><span style=\"color: #333399;\"><strong>Hugo S\u00e1nchez<\/strong>, quien contest\u00f3 que no respeta ni conoce a Machado<\/span><\/a>, pero en el programa Futbol Picante de ESPN los analistas <strong>Alejandro de la Rosa<\/strong>, <strong>\u00c1ngel Garc\u00eda Tora\u00f1o<\/strong>, <strong>Juan Carlos Gabriel<\/strong> y <strong>Jorge Pietrasanta<\/strong> protagonizaron una pelea de declaraciones con un periodista paname\u00f1o.<\/p>\n<p style=\"text-align: center;\"><a href=\"https:\/\/www.futboltotal.com.mx\/2017\/08\/andres-guardado-pide-respeten-a-juan-carlos-osorio\/\" target=\"_blank\" rel=\"noopener noreferrer\"><span style=\"color: #333399;\">VER M\u00c1S: Andr\u00e9s Guardado pide que respeten a Juan Carlos Osorio<\/span><\/a><\/p>\n<p><strong>Julio Shebelut<\/strong> fue enlazado para ser entrevistado para hablar acerca de las palabras de Machado, pero el comunicador de inmediato se refiri\u00f3\u00a0con las palabras de <strong>Hugo S\u00e1nchez<\/strong> y asegur\u00f3 que gran parte de la prensa mexicana es la que se encarga de minimizar a los centroamericanos, pretexto para que los \u00e1nimos se calentaran.<\/p>\n<p>Eso s\u00f3lo fue el inicio de la acalorada y extensa condici\u00f3n, que dur\u00f3 m\u00e1s de 20 minutos y en la que <strong>Pietrasanta<\/strong> se termin\u00f3 enganchando directamente con <strong>Shebelut<\/strong>.<\/p>\n<p><iframe loading=\"lazy\" src=\"https:\/\/www.youtube.com\/embed\/UCkZd0gaR3E?start=55\" frameborder=\"0\" allowfullscreen=\"allowfullscreen\"><\/iframe><\/p>\n","protected":false},"excerpt":{"rendered":"<p>Las declaraciones del defensor paname\u00f1o Alfonso Machado causaron todo.<\/p>\n","protected":false},"author":20,"featured_media":497259,"comment_status":"closed","ping_status":"closed","sticky":false,"template":"","format":"standard","meta":[],"categories":[5419],"tags":[10004,10003,65,625],"_links":{"self":[{"href":"http:\/\/desarrollo.grupomedios.com\/futbol\/wp-json\/wp\/v2\/posts\/497240"}],"collection":[{"href":"http:\/\/desarrollo.grupomedios.com\/futbol\/wp-json\/wp\/v2\/posts"}],"about":[{"href":"http:\/\/desarrollo.grupomedios.com\/futbol\/wp-json\/wp\/v2\/types\/post"}],"author":[{"embeddable":true,"href":"http:\/\/desarrollo.grupomedios.com\/futbol\/wp-json\/wp\/v2\/users\/20"}],"replies":[{"embeddable":true,"href":"http:\/\/desarrollo.grupomedios.com\/futbol\/wp-json\/wp\/v2\/comments?post=497240"}],"version-history":[{"count":1,"href":"http:\/\/desarrollo.grupomedios.com\/futbol\/wp-json\/wp\/v2\/posts\/497240\/revisions"}],"predecessor-version":[{"id":497261,"href":"http:\/\/desarrollo.grupomedios.com\/futbol\/wp-json\/wp\/v2\/posts\/497240\/revisions\/497261"}],"wp:featuredmedia":[{"embeddable":true,"href":"http:\/\/desarrollo.grupomedios.com\/futbol\/wp-json\/wp\/v2\/media\/497259"}],"wp:attachment":[{"href":"http:\/\/desarrollo.grupomedios.com\/futbol\/wp-json\/wp\/v2\/media?parent=497240"}],"wp:term":[{"taxonomy":"category","embeddable":true,"href":"http:\/\/desarrollo.grupomedios.com\/futbol\/wp-json\/wp\/v2\/categories?post=497240"},{"taxonomy":"post_tag","embeddable":true,"href":"http:\/\/desarrollo.grupomedios.com\/futbol\/wp-json\/wp\/v2\/tags?post=497240"}],"curies":[{"name":"wp","href":"https:\/\/api.w.org\/{rel}","templated":true}]}}