{"id":497249,"date":"2017-08-30T14:41:23","date_gmt":"2017-08-30T19:41:23","guid":{"rendered":"https:\/\/www.futboltotal.com.mx\/?p=497249"},"modified":"2017-08-30T14:41:23","modified_gmt":"2017-08-30T19:41:23","slug":"america-cancelo-amistoso-ante-lobos-buap","status":"publish","type":"post","link":"http:\/\/desarrollo.grupomedios.com\/futbol\/futbol-mexicano\/america-cancelo-amistoso-ante-lobos-buap\/2017\/08","title":{"rendered":"Am\u00e9rica cancel\u00f3 amistoso ante Lobos BUAP"},"content":{"rendered":"<p>Los <strong>Lobos BUAP<\/strong> siguen sin televisora para transmitir sus partidos y ahora tambi\u00e9n se quedaron sin rival para los amistosos de fecha FIFA, pues el <strong>Am\u00e9rica<\/strong> les cancel\u00f3 un encuentro que ya ten\u00edan pactado.<\/p>\n<p>El entrenador del conjunto poblano, Rafael Puente del R\u00edo, fue quien avis\u00f3 sobre la cancelaci\u00f3n del encuentro que ten\u00edan preparado el pr\u00f3ximo viernes ante los azulcremas.<\/p>\n<p style=\"text-align: center;\"><span style=\"color: #3366ff;\"><a style=\"color: #3366ff;\" href=\"https:\/\/www.futboltotal.com.mx\/2017\/08\/revelan-cuanto-tiempo-jugara-cruz-azul-en-estadio-azteca\/\">VER M\u00c1S: Revelan cu\u00e1nto tiempo jugar\u00e1 Cruz Azul en el estadio Azteca<\/a><\/span><\/p>\n<p>&#8220;Se ten\u00eda pactado un partido en Reynosa contra <strong>Am\u00e9rica<\/strong>, pero por factores ajenos a nosotros se cancel\u00f3. Afortunadamente se pudo programar un juego contra Puebla el pr\u00f3ximo viernes aqu\u00ed en CU para mantener una semana tipo y tener ritmo de competencia&#8221;, explic\u00f3 el DT.<\/p>\n<p>Luego de cuatro partidos sin triunfo, el entrenador de<strong> Lobos BUAP<\/strong> acept\u00f3 que el equipo debe recomponer el rumbo luego de iniciar el torneo como sensaci\u00f3n pero ya sin ganar en los \u00faltimos cuatro partidos, con tres derrotas y un empate en ese lapso.<\/p>\n<p style=\"text-align: center;\"><span style=\"color: #3366ff;\"><a style=\"color: #3366ff;\" href=\"https:\/\/www.futboltotal.com.mx\/2017\/08\/mohamed-defiende-a-mexicanos-manda-mensaje-a-jemez\/\">VER M\u00c1S: Mohamed defiende a mexicanos y manda mensaje a J\u00e9mez<\/a><\/span><\/p>\n<p>&#8220;Hay conciencia de que debemos revertir ya est\u00e1 situaci\u00f3n, tenemos compromiso, autocr\u00edtica y disposici\u00f3n al trabajo, esos son valores trascendentales para salir de este mal paso. Radica en ellos (los jugadores) revertir este mal momento, conf\u00edo que ser\u00e1 cuesti\u00f3n de tiempo para que lleguen los buenos resultados&#8221;, consider\u00f3.<\/p>\n<p>El entrenador tambi\u00e9n revel\u00f3 que el equipo tendr\u00e1 un fichaje m\u00e1s cuando llegue el delantero Emmanuel Herrera, quien ya est\u00e1 en Puebla pero el pago de su traspaso al Melgar de Per\u00fa sigue estando pendiente.<\/p>\n<p>&#8220;Emmanuel Herrera se va a quedar; seguramente en estos d\u00edas se va a resolver esa situaci\u00f3n. Incorporando a Herrera ya tenemos el plantel completo&#8221;, declar\u00f3 el entrenador de <strong>Lobos BUAP<\/strong>.<\/p>\n","protected":false},"excerpt":{"rendered":"<p>Las \u00e1guilas cancelaron amistoso pactado.<\/p>\n","protected":false},"author":20,"featured_media":497251,"comment_status":"closed","ping_status":"closed","sticky":false,"template":"","format":"standard","meta":[],"categories":[2198,3845],"tags":[5959,64,431],"_links":{"self":[{"href":"http:\/\/desarrollo.grupomedios.com\/futbol\/wp-json\/wp\/v2\/posts\/497249"}],"collection":[{"href":"http:\/\/desarrollo.grupomedios.com\/futbol\/wp-json\/wp\/v2\/posts"}],"about":[{"href":"http:\/\/desarrollo.grupomedios.com\/futbol\/wp-json\/wp\/v2\/types\/post"}],"author":[{"embeddable":true,"href":"http:\/\/desarrollo.grupomedios.com\/futbol\/wp-json\/wp\/v2\/users\/20"}],"replies":[{"embeddable":true,"href":"http:\/\/desarrollo.grupomedios.com\/futbol\/wp-json\/wp\/v2\/comments?post=497249"}],"version-history":[{"count":1,"href":"http:\/\/desarrollo.grupomedios.com\/futbol\/wp-json\/wp\/v2\/posts\/497249\/revisions"}],"predecessor-version":[{"id":497257,"href":"http:\/\/desarrollo.grupomedios.com\/futbol\/wp-json\/wp\/v2\/posts\/497249\/revisions\/497257"}],"wp:featuredmedia":[{"embeddable":true,"href":"http:\/\/desarrollo.grupomedios.com\/futbol\/wp-json\/wp\/v2\/media\/497251"}],"wp:attachment":[{"href":"http:\/\/desarrollo.grupomedios.com\/futbol\/wp-json\/wp\/v2\/media?parent=497249"}],"wp:term":[{"taxonomy":"category","embeddable":true,"href":"http:\/\/desarrollo.grupomedios.com\/futbol\/wp-json\/wp\/v2\/categories?post=497249"},{"taxonomy":"post_tag","embeddable":true,"href":"http:\/\/desarrollo.grupomedios.com\/futbol\/wp-json\/wp\/v2\/tags?post=497249"}],"curies":[{"name":"wp","href":"https:\/\/api.w.org\/{rel}","templated":true}]}}