{"id":497273,"date":"2017-08-30T15:29:15","date_gmt":"2017-08-30T20:29:15","guid":{"rendered":"https:\/\/www.futboltotal.com.mx\/?p=497273"},"modified":"2017-08-30T15:29:15","modified_gmt":"2017-08-30T20:29:15","slug":"201708renato-sanches-cambiaria-bundesliga-por-premier-league","status":"publish","type":"post","link":"http:\/\/desarrollo.grupomedios.com\/futbol\/futbol-internacional\/201708renato-sanches-cambiaria-bundesliga-por-premier-league\/2017\/08","title":{"rendered":"Renato Sanches cambiar\u00eda la Bundesliga por la Premier League"},"content":{"rendered":"<p>A escasas horas de que cierre el mercado de fichajes en <strong>Europa, Renato Sanches<\/strong> podr\u00eda cambiar de aires y dejar al<strong> Bayern Munich<\/strong> y a la <strong>Bundesliga<\/strong> para emigrar a la <strong>Premier League.<\/strong><\/p>\n<p style=\"text-align: center;\"><a href=\"https:\/\/www.futboltotal.com.mx\/2017\/08\/dr-wagner-se-convierte-en-rey-wagner-tras-perder-la-tapa\/\" target=\"_blank\" rel=\"noopener noreferrer\"><span style=\"color: #333399;\">VER M\u00c1S:\u00a0Dr. Wagner se convierte en Rey Wagner tras perder la tapa<\/span><\/a><\/p>\n<p>El portugu\u00e9s de 20 a\u00f1os tiene un panorama complicado en el conjunto b\u00e1varo ante la presencia de grandes jugadores, situaci\u00f3n que lo har\u00eda buscar nuevos horizontes d\u00f3nde pueda tener m\u00e1s minutos y protagonismo, y el<strong> Swansea<\/strong> de la <strong>Premier League<\/strong> ser\u00eda su primera opci\u00f3n.<\/p>\n<p style=\"text-align: center;\"><a href=\"https:\/\/www.futboltotal.com.mx\/2017\/08\/increible-gesto-messi-este-nino\/\" target=\"_blank\" rel=\"noopener noreferrer\"><span style=\"color: #333399;\">VER M\u00c1S:\u00a0El incre\u00edble gesto de Messi con este ni\u00f1o<\/span><\/a><\/p>\n<p>De acuerdo con Sky Sports, <strong>Sanches<\/strong> firmar\u00eda contrato con el<strong> Swansea<\/strong> en las pr\u00f3ximas horas y llegar\u00eda a pr\u00e9stamos por una temporada con opci\u00f3n a compra por 38 milllones de d\u00f3lares.<\/p>\n","protected":false},"excerpt":{"rendered":"<p>Renato Sanches buscar\u00e1 tener minutos y mayor protagonismo <\/p>\n","protected":false},"author":20,"featured_media":497275,"comment_status":"closed","ping_status":"closed","sticky":false,"template":"","format":"standard","meta":[],"categories":[9808,7740,3839,3846],"tags":[2056,119,334,6751,2376],"_links":{"self":[{"href":"http:\/\/desarrollo.grupomedios.com\/futbol\/wp-json\/wp\/v2\/posts\/497273"}],"collection":[{"href":"http:\/\/desarrollo.grupomedios.com\/futbol\/wp-json\/wp\/v2\/posts"}],"about":[{"href":"http:\/\/desarrollo.grupomedios.com\/futbol\/wp-json\/wp\/v2\/types\/post"}],"author":[{"embeddable":true,"href":"http:\/\/desarrollo.grupomedios.com\/futbol\/wp-json\/wp\/v2\/users\/20"}],"replies":[{"embeddable":true,"href":"http:\/\/desarrollo.grupomedios.com\/futbol\/wp-json\/wp\/v2\/comments?post=497273"}],"version-history":[{"count":2,"href":"http:\/\/desarrollo.grupomedios.com\/futbol\/wp-json\/wp\/v2\/posts\/497273\/revisions"}],"predecessor-version":[{"id":497276,"href":"http:\/\/desarrollo.grupomedios.com\/futbol\/wp-json\/wp\/v2\/posts\/497273\/revisions\/497276"}],"wp:featuredmedia":[{"embeddable":true,"href":"http:\/\/desarrollo.grupomedios.com\/futbol\/wp-json\/wp\/v2\/media\/497275"}],"wp:attachment":[{"href":"http:\/\/desarrollo.grupomedios.com\/futbol\/wp-json\/wp\/v2\/media?parent=497273"}],"wp:term":[{"taxonomy":"category","embeddable":true,"href":"http:\/\/desarrollo.grupomedios.com\/futbol\/wp-json\/wp\/v2\/categories?post=497273"},{"taxonomy":"post_tag","embeddable":true,"href":"http:\/\/desarrollo.grupomedios.com\/futbol\/wp-json\/wp\/v2\/tags?post=497273"}],"curies":[{"name":"wp","href":"https:\/\/api.w.org\/{rel}","templated":true}]}}