{"id":497322,"date":"2017-08-30T18:04:01","date_gmt":"2017-08-30T23:04:01","guid":{"rendered":"https:\/\/www.futboltotal.com.mx\/?p=497322"},"modified":"2017-08-30T18:04:01","modified_gmt":"2017-08-30T23:04:01","slug":"201708futuro-layun-parece-estar-difinido","status":"publish","type":"post","link":"http:\/\/desarrollo.grupomedios.com\/futbol\/destacado-home\/201708futuro-layun-parece-estar-difinido\/2017\/08","title":{"rendered":"El futuro de Lay\u00fan parece estar definido"},"content":{"rendered":"<p>A pocas horas de que finalice el mercado de fichajes en <strong>Europa<\/strong>, el futuro del lateral mexicano del <strong>Porto, Miguel Lay\u00fan<\/strong>, parece haber quedado definido.<\/p>\n<p style=\"text-align: center;\"><a href=\"https:\/\/www.futboltotal.com.mx\/2017\/08\/hector-moreno-baja-por-lesion-para-el-duelo-contra-panama\/\" target=\"_blank\" rel=\"noopener noreferrer\"><span style=\"color: #333399;\">VER M\u00c1S:\u00a0H\u00e9ctor Moreno, baja por lesi\u00f3n para el duelo contra Panam\u00e1<\/span><\/a><\/p>\n<p>Todo parec\u00eda indicar que el mexicano saldr\u00eda del club lusitano luego de haber perdido protagonismo y la titularidad y aunque se sabe que hab\u00eda equipos interesados en hacerse con los servicios del jugador como <strong>Zenit<\/strong>, la negociaci\u00f3n no pudo concretarse.<\/p>\n<p style=\"text-align: center;\"><a href=\"https:\/\/www.futboltotal.com.mx\/2017\/08\/west-ham-encomienda-al-tricolor-con-chicharito\/\" target=\"_blank\" rel=\"noopener noreferrer\"><span style=\"color: #333399;\">VER M\u00c1S:\u00a0West Ham encomienda al Tricolor con Chicharito<\/span><\/a><\/p>\n<p>De acuerdo con Daniel Giron\u00e9s, corresponsal de Fox Sports en Europa, Lay\u00fan no saldr\u00e1 de los &#8216;Dragones&#8217;.<\/p>\n","protected":false},"excerpt":{"rendered":"<p>El futuro de Miguel Lay\u00fan en Europa parece haber quedado resuelto<\/p>\n","protected":false},"author":20,"featured_media":481387,"comment_status":"closed","ping_status":"closed","sticky":false,"template":"","format":"standard","meta":[],"categories":[5,3839,6718],"tags":[352,1035,1208],"_links":{"self":[{"href":"http:\/\/desarrollo.grupomedios.com\/futbol\/wp-json\/wp\/v2\/posts\/497322"}],"collection":[{"href":"http:\/\/desarrollo.grupomedios.com\/futbol\/wp-json\/wp\/v2\/posts"}],"about":[{"href":"http:\/\/desarrollo.grupomedios.com\/futbol\/wp-json\/wp\/v2\/types\/post"}],"author":[{"embeddable":true,"href":"http:\/\/desarrollo.grupomedios.com\/futbol\/wp-json\/wp\/v2\/users\/20"}],"replies":[{"embeddable":true,"href":"http:\/\/desarrollo.grupomedios.com\/futbol\/wp-json\/wp\/v2\/comments?post=497322"}],"version-history":[{"count":2,"href":"http:\/\/desarrollo.grupomedios.com\/futbol\/wp-json\/wp\/v2\/posts\/497322\/revisions"}],"predecessor-version":[{"id":497330,"href":"http:\/\/desarrollo.grupomedios.com\/futbol\/wp-json\/wp\/v2\/posts\/497322\/revisions\/497330"}],"wp:featuredmedia":[{"embeddable":true,"href":"http:\/\/desarrollo.grupomedios.com\/futbol\/wp-json\/wp\/v2\/media\/481387"}],"wp:attachment":[{"href":"http:\/\/desarrollo.grupomedios.com\/futbol\/wp-json\/wp\/v2\/media?parent=497322"}],"wp:term":[{"taxonomy":"category","embeddable":true,"href":"http:\/\/desarrollo.grupomedios.com\/futbol\/wp-json\/wp\/v2\/categories?post=497322"},{"taxonomy":"post_tag","embeddable":true,"href":"http:\/\/desarrollo.grupomedios.com\/futbol\/wp-json\/wp\/v2\/tags?post=497322"}],"curies":[{"name":"wp","href":"https:\/\/api.w.org\/{rel}","templated":true}]}}