{"id":497386,"date":"2017-08-31T09:07:18","date_gmt":"2017-08-31T14:07:18","guid":{"rendered":"https:\/\/www.futboltotal.com.mx\/?p=497386"},"modified":"2017-08-31T09:07:18","modified_gmt":"2017-08-31T14:07:18","slug":"benfica-cerro-las-puertas-a-raul-jimenez-una-salida","status":"publish","type":"post","link":"http:\/\/desarrollo.grupomedios.com\/futbol\/destacado-home\/benfica-cerro-las-puertas-a-raul-jimenez-una-salida\/2017\/08","title":{"rendered":"Benfica cerr\u00f3 las puertas a Ra\u00fal Jim\u00e9nez para una salida"},"content":{"rendered":"<p>La carrera del delantero <strong>Ra\u00fal Jim\u00e9nez<\/strong> se mantendr\u00e1 en Portugal con el <strong>Benfica<\/strong>, luego que el equipo lusitano decidiera rechazar las ofertas que recibi\u00f3 por el mexicano debido a que ninguna se acerc\u00f3 a las pretensiones econ\u00f3micas del club.<\/p>\n<p>De acuerdo a reportes del diario Marca, las <em>\u00c1guilas<\/em> portuguesas no est\u00e1n dispuestas a desprenderse de Jim\u00e9nez a cualquier costo, de inicio porque el ariete, quien suele ser suplente, es el fichaje m\u00e1s caro en su historia con <strong>22 millones de euros<\/strong>.<\/p>\n<p style=\"text-align: center;\"><a href=\"https:\/\/www.futboltotal.com.mx\/2017\/08\/los-dos-santos-vela-deberian-estar-en-europa-osorio\/\" target=\"_blank\" rel=\"noopener noreferrer\"><span style=\"color: #333399;\">VER M\u00c1S: Osorio: &#8220;Los Dos Santos y Vela deber\u00edan jugar en Europa&#8221;<\/span><\/a><\/p>\n<p>En este mercado de fichajes algunos conjuntos de la <strong>Premier League inglesa<\/strong> y la <strong>Ligue 1 francesa<\/strong> presentaron ofertas por Ra\u00fal, con cifras alrededor de los <strong>20 y los 25 millones de euros<\/strong>, pero el Benfica se puso como objetivo analizar la partida del delantero ante una propuesta que rondara los <strong>40 millones<\/strong>.<\/p>\n<p>Desde Portugal, medios como el diario A Bola hablan de Jim\u00e9nez como un jugador que no es cualquier suplente en la plantilla del Benfica, ya que suele entrar de cambio en todos los partidos y marcar goles importantes en momentos clave.<\/p>\n<p>Sin embargo, esto no cambia que Jonas y Haris Seferovic son los referentes titulares en el ataque de las \u00c1guilas, aunque la posible partida de Konstantinos Mitroglou al Marsella reducir\u00eda la competencia que tiene Ra\u00fal en el club donde se mantendr\u00e1 al menos por una temporada m\u00e1s&#8230; a menos que algo surja en invierno.<\/p>\n","protected":false},"excerpt":{"rendered":"<p>El mexicano seguir\u00e1 luchando por un puesto en el cuadro titular de las \u00c1guilas lusas.<\/p>\n","protected":false},"author":20,"featured_media":497062,"comment_status":"closed","ping_status":"closed","sticky":false,"template":"","format":"standard","meta":[],"categories":[5,7740,3839],"tags":[6060,742],"_links":{"self":[{"href":"http:\/\/desarrollo.grupomedios.com\/futbol\/wp-json\/wp\/v2\/posts\/497386"}],"collection":[{"href":"http:\/\/desarrollo.grupomedios.com\/futbol\/wp-json\/wp\/v2\/posts"}],"about":[{"href":"http:\/\/desarrollo.grupomedios.com\/futbol\/wp-json\/wp\/v2\/types\/post"}],"author":[{"embeddable":true,"href":"http:\/\/desarrollo.grupomedios.com\/futbol\/wp-json\/wp\/v2\/users\/20"}],"replies":[{"embeddable":true,"href":"http:\/\/desarrollo.grupomedios.com\/futbol\/wp-json\/wp\/v2\/comments?post=497386"}],"version-history":[{"count":1,"href":"http:\/\/desarrollo.grupomedios.com\/futbol\/wp-json\/wp\/v2\/posts\/497386\/revisions"}],"predecessor-version":[{"id":497391,"href":"http:\/\/desarrollo.grupomedios.com\/futbol\/wp-json\/wp\/v2\/posts\/497386\/revisions\/497391"}],"wp:featuredmedia":[{"embeddable":true,"href":"http:\/\/desarrollo.grupomedios.com\/futbol\/wp-json\/wp\/v2\/media\/497062"}],"wp:attachment":[{"href":"http:\/\/desarrollo.grupomedios.com\/futbol\/wp-json\/wp\/v2\/media?parent=497386"}],"wp:term":[{"taxonomy":"category","embeddable":true,"href":"http:\/\/desarrollo.grupomedios.com\/futbol\/wp-json\/wp\/v2\/categories?post=497386"},{"taxonomy":"post_tag","embeddable":true,"href":"http:\/\/desarrollo.grupomedios.com\/futbol\/wp-json\/wp\/v2\/tags?post=497386"}],"curies":[{"name":"wp","href":"https:\/\/api.w.org\/{rel}","templated":true}]}}