{"id":497388,"date":"2017-08-31T09:05:30","date_gmt":"2017-08-31T14:05:30","guid":{"rendered":"https:\/\/www.futboltotal.com.mx\/?p=497388"},"modified":"2017-08-31T09:05:30","modified_gmt":"2017-08-31T14:05:30","slug":"espanyol-descarta-completo-fichaje-diego-reyes","status":"publish","type":"post","link":"http:\/\/desarrollo.grupomedios.com\/futbol\/futbol-mexicano\/espanyol-descarta-completo-fichaje-diego-reyes\/2017\/08","title":{"rendered":"Espanyol descarta por completo fichaje de Diego Reyes"},"content":{"rendered":"<p><strong>Jordi Lard\u00edn<\/strong>,\u00a0director deportivo del <strong>Espanyol<\/strong>, explic\u00f3 que el defensa mexicano, <strong>Diego Reyes<\/strong> no tiene ninguna posibilidad de recalar con los Periquitos en este mercado de verano.<\/p>\n<p style=\"text-align: center;\"><span style=\"color: #333399;\"><a style=\"color: #333399;\" href=\"https:\/\/www.futboltotal.com.mx\/2017\/08\/los-dos-santos-vela-deberian-estar-en-europa-osorio\/\" target=\"_blank\" rel=\"noopener noreferrer\">VER M\u00c1S: Osorio quisiera a los Dos Santos y Vela en Europa<\/a><\/span><\/p>\n<blockquote><p>\u201cNo hay ninguna opci\u00f3n de que Diego Reyes venga en este momento&#8221;, declar\u00f3 el directivo\u00a0en rueda de prensa. \u201cSi en enero a\u00fan est\u00e1 libre <strong>haremos todo lo posible por si quiere venir<\/strong>&#8220;, agreg\u00f3. Por lo que Reyes podr\u00eda incorporarse con el Espanyol el pr\u00f3ximo a\u00f1o.<\/p><\/blockquote>\n<p>Diego Reyes estuvo jugando la temporada pasada con el Espanyol, disputando <strong>34 partidos<\/strong> y anotando un gol; sin embargo, pertenece al Porto, por lo que permanecer\u00e1 con los Dragones, al menos hasta enero.<\/p>\n<p style=\"text-align: center;\"><span style=\"color: #333399;\"><a style=\"color: #333399;\" href=\"https:\/\/www.futboltotal.com.mx\/2017\/08\/futuro-layun-parece-estar-difinido\/\" target=\"_blank\" rel=\"noopener noreferrer\">VER M\u00c1S: El futuro de Lay\u00fan parece estar definido<\/a><\/span><\/p>\n<p>&nbsp;<\/p>\n","protected":false},"excerpt":{"rendered":"<p>Todo indica que el mexicano permanecer\u00e1 con los Dragones<\/p>\n","protected":false},"author":20,"featured_media":496221,"comment_status":"closed","ping_status":"closed","sticky":false,"template":"","format":"standard","meta":[],"categories":[3839,2198],"tags":[6006,67,1208],"_links":{"self":[{"href":"http:\/\/desarrollo.grupomedios.com\/futbol\/wp-json\/wp\/v2\/posts\/497388"}],"collection":[{"href":"http:\/\/desarrollo.grupomedios.com\/futbol\/wp-json\/wp\/v2\/posts"}],"about":[{"href":"http:\/\/desarrollo.grupomedios.com\/futbol\/wp-json\/wp\/v2\/types\/post"}],"author":[{"embeddable":true,"href":"http:\/\/desarrollo.grupomedios.com\/futbol\/wp-json\/wp\/v2\/users\/20"}],"replies":[{"embeddable":true,"href":"http:\/\/desarrollo.grupomedios.com\/futbol\/wp-json\/wp\/v2\/comments?post=497388"}],"version-history":[{"count":1,"href":"http:\/\/desarrollo.grupomedios.com\/futbol\/wp-json\/wp\/v2\/posts\/497388\/revisions"}],"predecessor-version":[{"id":497389,"href":"http:\/\/desarrollo.grupomedios.com\/futbol\/wp-json\/wp\/v2\/posts\/497388\/revisions\/497389"}],"wp:featuredmedia":[{"embeddable":true,"href":"http:\/\/desarrollo.grupomedios.com\/futbol\/wp-json\/wp\/v2\/media\/496221"}],"wp:attachment":[{"href":"http:\/\/desarrollo.grupomedios.com\/futbol\/wp-json\/wp\/v2\/media?parent=497388"}],"wp:term":[{"taxonomy":"category","embeddable":true,"href":"http:\/\/desarrollo.grupomedios.com\/futbol\/wp-json\/wp\/v2\/categories?post=497388"},{"taxonomy":"post_tag","embeddable":true,"href":"http:\/\/desarrollo.grupomedios.com\/futbol\/wp-json\/wp\/v2\/tags?post=497388"}],"curies":[{"name":"wp","href":"https:\/\/api.w.org\/{rel}","templated":true}]}}