{"id":497390,"date":"2017-08-31T09:31:44","date_gmt":"2017-08-31T14:31:44","guid":{"rendered":"https:\/\/www.futboltotal.com.mx\/?p=497390"},"modified":"2017-08-31T09:31:44","modified_gmt":"2017-08-31T14:31:44","slug":"japon-cuarto-clasificado-a-rusia-2018","status":"publish","type":"post","link":"http:\/\/desarrollo.grupomedios.com\/futbol\/futbol-internacional\/japon-cuarto-clasificado-a-rusia-2018\/2017\/08","title":{"rendered":"Jap\u00f3n, cuarto clasificado a Rusia 2018"},"content":{"rendered":"<p><strong>Jap\u00f3n<\/strong> logr\u00f3 su clasificaci\u00f3n para el <strong>Mundial de Rusia 2018<\/strong> luego de derrotar a <strong>Australia<\/strong> por marcador de 2-0 en duelo correspondiente del Grupo B.<\/p>\n<p>Quien ganara este partido se quedar\u00eda con el boleto directo y ese fue el conjunto nip\u00f3n, quien con goles de\u00a0<strong>Takuma Asano\u00a0<\/strong>y\u00a0<strong>Yosuke Ideguchi<\/strong> vencieron a los australianos.<\/p>\n<p style=\"text-align: center;\"><span style=\"color: #333399;\"><a style=\"color: #333399;\" href=\"https:\/\/www.futboltotal.com.mx\/2017\/08\/los-dos-santos-vela-deberian-estar-en-europa-osorio\/\" target=\"_blank\" rel=\"noopener noreferrer\">VER M\u00c1S: Los Dos Santos y Vela deber\u00edan estar en Europa: Osorio<\/a><\/span><\/p>\n<p><iframe loading=\"lazy\" src=\"https:\/\/www.youtube.com\/embed\/VK7QxD-1LNk?feature=oembed\" frameborder=\"0\" allowfullscreen><\/iframe><\/p>\n<p>Ahora Australia necesita vencer a <strong>Tailandia<\/strong> y esperar que <strong>Arabia Saud\u00ed<\/strong> pierda ante Jap\u00f3n, los encuentros se disputar\u00e1n el pr\u00f3ximo 5 de septiembre.<\/p>\n<p>Los nipones disputar\u00e1n su sexto mundial de forma consecutiva y es la cuarta selecci\u00f3n invitada a Rusia 2018, junto al anfitri\u00f3n, <strong>Brasil<\/strong> e <strong>Ir\u00e1n<\/strong>.<\/p>\n<p style=\"text-align: center;\"><span style=\"color: #333399;\"><a style=\"color: #333399;\" href=\"https:\/\/www.futboltotal.com.mx\/2017\/08\/benfica-cerro-puertas-raul-jimenez-para-salida\/\" target=\"_blank\" rel=\"noopener noreferrer\">VER M\u00c1S: Benfica cierra puertas a Ra\u00fal Jim\u00e9nez para una posible salida<\/a><\/span><\/p>\n<p>&nbsp;<\/p>\n","protected":false},"excerpt":{"rendered":"<p>Jap\u00f3n logr\u00f3 su clasificaci\u00f3n para el Mundial de Rusia 2018 luego de derrotar a Australia por marcador de 2-0 en duelo correspondiente del Grupo B. Quien ganara este partido se quedar\u00eda con el boleto directo y ese fue el conjunto nip\u00f3n, quien con goles de\u00a0Takuma Asano\u00a0y\u00a0Yosuke Ideguchi vencieron a los australianos. VER M\u00c1S: Los Dos [&hellip;]<\/p>\n","protected":false},"author":159,"featured_media":497398,"comment_status":"closed","ping_status":"closed","sticky":false,"template":"","format":"standard","meta":[],"categories":[3839],"tags":[636,126,2232],"_links":{"self":[{"href":"http:\/\/desarrollo.grupomedios.com\/futbol\/wp-json\/wp\/v2\/posts\/497390"}],"collection":[{"href":"http:\/\/desarrollo.grupomedios.com\/futbol\/wp-json\/wp\/v2\/posts"}],"about":[{"href":"http:\/\/desarrollo.grupomedios.com\/futbol\/wp-json\/wp\/v2\/types\/post"}],"author":[{"embeddable":true,"href":"http:\/\/desarrollo.grupomedios.com\/futbol\/wp-json\/wp\/v2\/users\/159"}],"replies":[{"embeddable":true,"href":"http:\/\/desarrollo.grupomedios.com\/futbol\/wp-json\/wp\/v2\/comments?post=497390"}],"version-history":[{"count":1,"href":"http:\/\/desarrollo.grupomedios.com\/futbol\/wp-json\/wp\/v2\/posts\/497390\/revisions"}],"predecessor-version":[{"id":497399,"href":"http:\/\/desarrollo.grupomedios.com\/futbol\/wp-json\/wp\/v2\/posts\/497390\/revisions\/497399"}],"wp:featuredmedia":[{"embeddable":true,"href":"http:\/\/desarrollo.grupomedios.com\/futbol\/wp-json\/wp\/v2\/media\/497398"}],"wp:attachment":[{"href":"http:\/\/desarrollo.grupomedios.com\/futbol\/wp-json\/wp\/v2\/media?parent=497390"}],"wp:term":[{"taxonomy":"category","embeddable":true,"href":"http:\/\/desarrollo.grupomedios.com\/futbol\/wp-json\/wp\/v2\/categories?post=497390"},{"taxonomy":"post_tag","embeddable":true,"href":"http:\/\/desarrollo.grupomedios.com\/futbol\/wp-json\/wp\/v2\/tags?post=497390"}],"curies":[{"name":"wp","href":"https:\/\/api.w.org\/{rel}","templated":true}]}}