{"id":497392,"date":"2017-08-31T09:15:44","date_gmt":"2017-08-31T14:15:44","guid":{"rendered":"https:\/\/www.futboltotal.com.mx\/?p=497392"},"modified":"2017-08-31T09:15:44","modified_gmt":"2017-08-31T14:15:44","slug":"renato-sanches-la-promesa-del-bayern-munich-se-va-cedido","status":"publish","type":"post","link":"http:\/\/desarrollo.grupomedios.com\/futbol\/futbol-internacional\/renato-sanches-la-promesa-del-bayern-munich-se-va-cedido\/2017\/08","title":{"rendered":"Renato Sanches, la promesa del Bayern Munich, se va cedido"},"content":{"rendered":"<p class=\"DETALLE_N_titulo \"><span id=\"ctl14_lblMostra\">El centrocampista portugu\u00e9s <strong>Renato Sanches<\/strong> jugar\u00e1 la pr\u00f3xima temporada en el <strong>Swansea City<\/strong> ingl\u00e9s, cedido por el <strong>Bayern M\u00fanich<\/strong>, sin opci\u00f3n de compra.<\/span><\/p>\n<p>&#8220;Renato tiene que jugar con continuidad durante un a\u00f1o lo que, en vista de la calidad de nuestra plantilla, no tiene garantizado en el Bayern&#8221;, dijo el presidente del Consejo Directivo del Bayern, Karlheinz Rumennigge.<\/p>\n<p>Seg\u00fan cifras oficiosas el Swansea pagar\u00e1 al Bayern por la cesi\u00f3n 8,5 millones de euros.<\/p>\n<p class=\"DETALLE_N_titulo \" style=\"text-align: center;\"><span id=\"ctl14_lblMostra\"><a href=\"https:\/\/www.futboltotal.com.mx\/2017\/08\/benfica-cerro-puertas-raul-jimenez-para-salida\/\" target=\"_blank\" rel=\"noopener noreferrer\"><span style=\"color: #333399;\">VER M\u00c1S: Benfica cerr\u00f3 las puertas a Ra\u00fal Jim\u00e9nez para una salida<\/span><\/a><\/span><\/p>\n<blockquote class=\"twitter-video\" data-lang=\"es\">\n<p dir=\"ltr\" lang=\"es\">\u00a1BUEN\u00cdSIMO&#x1f602;! De esta forma el Swansea oficializ\u00f3 la cesi\u00f3n del mediocampista portugu\u00e9s Renato Sanches. <a href=\"https:\/\/t.co\/1ECH2wA57i\">pic.twitter.com\/1ECH2wA57i<\/a><\/p>\n<p>\u2014 Toque Sports (@ToqueSports) <a href=\"https:\/\/twitter.com\/ToqueSports\/status\/903258318747176960\">31 de agosto de 2017<\/a><\/p><\/blockquote>\n<p><script async src=\"\/\/platform.twitter.com\/widgets.js\" charset=\"utf-8\"><\/script><\/p>\n<p><strong>Renato Sanches<\/strong>, de 20 a\u00f1os, lleg\u00f3 al Bayern como una de las grandes promesas del f\u00fatbol europeo, procedente del <strong>Benfica<\/strong>, por 35 millones de euros.<\/p>\n<p>No obstante, el jugador, que lleg\u00f3 al club b\u00e1varo tras ganar la <strong>Eurocopa 2016<\/strong> con <strong>Portugal<\/strong>, en la que fue elegido el mejor joven del torneo, no encontr\u00f3 su lugar en M\u00fanich y jug\u00f3 s\u00f3lo 17 partidos oficiales y apenas 6 de ellos como titular.<\/p>\n","protected":false},"excerpt":{"rendered":"<p>El futbolista portugu\u00e9s parte a la Premier League en busca de m\u00e1s minutos.<\/p>\n","protected":false},"author":144,"featured_media":497393,"comment_status":"closed","ping_status":"closed","sticky":false,"template":"","format":"standard","meta":[],"categories":[7740,3839],"tags":[2056,6751,2376],"_links":{"self":[{"href":"http:\/\/desarrollo.grupomedios.com\/futbol\/wp-json\/wp\/v2\/posts\/497392"}],"collection":[{"href":"http:\/\/desarrollo.grupomedios.com\/futbol\/wp-json\/wp\/v2\/posts"}],"about":[{"href":"http:\/\/desarrollo.grupomedios.com\/futbol\/wp-json\/wp\/v2\/types\/post"}],"author":[{"embeddable":true,"href":"http:\/\/desarrollo.grupomedios.com\/futbol\/wp-json\/wp\/v2\/users\/144"}],"replies":[{"embeddable":true,"href":"http:\/\/desarrollo.grupomedios.com\/futbol\/wp-json\/wp\/v2\/comments?post=497392"}],"version-history":[{"count":2,"href":"http:\/\/desarrollo.grupomedios.com\/futbol\/wp-json\/wp\/v2\/posts\/497392\/revisions"}],"predecessor-version":[{"id":497395,"href":"http:\/\/desarrollo.grupomedios.com\/futbol\/wp-json\/wp\/v2\/posts\/497392\/revisions\/497395"}],"wp:featuredmedia":[{"embeddable":true,"href":"http:\/\/desarrollo.grupomedios.com\/futbol\/wp-json\/wp\/v2\/media\/497393"}],"wp:attachment":[{"href":"http:\/\/desarrollo.grupomedios.com\/futbol\/wp-json\/wp\/v2\/media?parent=497392"}],"wp:term":[{"taxonomy":"category","embeddable":true,"href":"http:\/\/desarrollo.grupomedios.com\/futbol\/wp-json\/wp\/v2\/categories?post=497392"},{"taxonomy":"post_tag","embeddable":true,"href":"http:\/\/desarrollo.grupomedios.com\/futbol\/wp-json\/wp\/v2\/tags?post=497392"}],"curies":[{"name":"wp","href":"https:\/\/api.w.org\/{rel}","templated":true}]}}