{"id":497396,"date":"2017-08-31T09:34:21","date_gmt":"2017-08-31T14:34:21","guid":{"rendered":"https:\/\/www.futboltotal.com.mx\/?p=497396"},"modified":"2017-08-31T09:50:02","modified_gmt":"2017-08-31T14:50:02","slug":"leon-esta-luto-la-muerte-uno-sus-idolos","status":"publish","type":"post","link":"http:\/\/desarrollo.grupomedios.com\/futbol\/futbol-mexicano\/liga-mx\/leon-esta-luto-la-muerte-uno-sus-idolos\/2017\/08","title":{"rendered":"El Le\u00f3n est\u00e1 de luto por la muerte de uno de sus \u00eddolos"},"content":{"rendered":"<p>El Club <strong>Le\u00f3n<\/strong> manifest\u00f3 en redes sociales su sentir ante el fallecimiento de uno de los futbolistas que visti\u00f3 los colores de <em>La Fiera<\/em> en d\u00e9cadas pasadas.<\/p>\n<p>Se trata del ex defensor <strong>Efra\u00edn Loza<\/strong>, quien jugara para el Le\u00f3n entre los a\u00f1os 60 y 70, junto a su hermano y tambi\u00e9n zaguero <strong>Gil Loza<\/strong>.<\/p>\n<p style=\"text-align: center;\"><a href=\"https:\/\/www.futboltotal.com.mx\/2017\/08\/los-dos-santos-vela-deberian-estar-en-europa-osorio\/\" target=\"_blank\" rel=\"noopener noreferrer\"><span style=\"color: #333399;\">VER M\u00c1S: Osorio: &#8220;Los Dos Santos y Vela deber\u00edan estar en Europa&#8221;<\/span><\/a><\/p>\n<p>Loza logr\u00f3 levantar la Copa MX con los tambi\u00e9n conocidos como <em>Panzas Verdes<\/em> y se consolid\u00f3 como un jugador identificado con el cuadro de Guanajuato e incluso port\u00f3 el gafete de capit\u00e1n.<\/p>\n<p>&#8220;\u00a1Hasta siempre, &#8220;Capi&#8221;!\u00a0Efra\u00edn Loza se va siendo un gran campe\u00f3n. Descanse en Paz. <s>#<\/s><b>FieraHastaLaMuerte<\/b>&#8220;, fue el texto que public\u00f3 el club, acompa\u00f1ado por una imagen de Loza.<\/p>\n<p>&nbsp;<\/p>\n<blockquote class=\"twitter-tweet\" data-lang=\"es\">\n<p dir=\"ltr\" lang=\"es\">\u00a1Hasta siempre, &#8220;Capi&#8221;! &#x1f44f;&#x1f3fc;<br \/>\nEfra\u00edn Loza se va siendo un gran campe\u00f3n. Descanse en Paz. <a href=\"https:\/\/twitter.com\/hashtag\/FieraHastaLaMuerte?src=hash\">#FieraHastaLaMuerte<\/a> <a href=\"https:\/\/t.co\/LjyZja1SVR\">pic.twitter.com\/LjyZja1SVR<\/a><\/p>\n<p>\u2014 Club Le\u00f3n (@clubleonfc) <a href=\"https:\/\/twitter.com\/clubleonfc\/status\/903257006122737664\">31 de agosto de 2017<\/a><\/p><\/blockquote>\n<p><script async src=\"\/\/platform.twitter.com\/widgets.js\" charset=\"utf-8\"><\/script><\/p>\n","protected":false},"excerpt":{"rendered":"<p>La Fiera mostr\u00f3 sus condolencias por medio de redes sociales.<\/p>\n","protected":false},"author":20,"featured_media":497397,"comment_status":"closed","ping_status":"closed","sticky":false,"template":"","format":"standard","meta":[],"categories":[3845],"tags":[10016,5965,64],"_links":{"self":[{"href":"http:\/\/desarrollo.grupomedios.com\/futbol\/wp-json\/wp\/v2\/posts\/497396"}],"collection":[{"href":"http:\/\/desarrollo.grupomedios.com\/futbol\/wp-json\/wp\/v2\/posts"}],"about":[{"href":"http:\/\/desarrollo.grupomedios.com\/futbol\/wp-json\/wp\/v2\/types\/post"}],"author":[{"embeddable":true,"href":"http:\/\/desarrollo.grupomedios.com\/futbol\/wp-json\/wp\/v2\/users\/20"}],"replies":[{"embeddable":true,"href":"http:\/\/desarrollo.grupomedios.com\/futbol\/wp-json\/wp\/v2\/comments?post=497396"}],"version-history":[{"count":2,"href":"http:\/\/desarrollo.grupomedios.com\/futbol\/wp-json\/wp\/v2\/posts\/497396\/revisions"}],"predecessor-version":[{"id":497408,"href":"http:\/\/desarrollo.grupomedios.com\/futbol\/wp-json\/wp\/v2\/posts\/497396\/revisions\/497408"}],"wp:featuredmedia":[{"embeddable":true,"href":"http:\/\/desarrollo.grupomedios.com\/futbol\/wp-json\/wp\/v2\/media\/497397"}],"wp:attachment":[{"href":"http:\/\/desarrollo.grupomedios.com\/futbol\/wp-json\/wp\/v2\/media?parent=497396"}],"wp:term":[{"taxonomy":"category","embeddable":true,"href":"http:\/\/desarrollo.grupomedios.com\/futbol\/wp-json\/wp\/v2\/categories?post=497396"},{"taxonomy":"post_tag","embeddable":true,"href":"http:\/\/desarrollo.grupomedios.com\/futbol\/wp-json\/wp\/v2\/tags?post=497396"}],"curies":[{"name":"wp","href":"https:\/\/api.w.org\/{rel}","templated":true}]}}