{"id":497431,"date":"2017-08-31T11:42:43","date_gmt":"2017-08-31T16:42:43","guid":{"rendered":"https:\/\/www.futboltotal.com.mx\/?p=497431"},"modified":"2017-08-31T11:42:43","modified_gmt":"2017-08-31T16:42:43","slug":"la-liga-mx-nueva-sucursal-la-seleccion-chilena","status":"publish","type":"post","link":"http:\/\/desarrollo.grupomedios.com\/futbol\/futbol-mexicano\/la-liga-mx-nueva-sucursal-la-seleccion-chilena\/2017\/08","title":{"rendered":"La Liga MX, nueva sucursal de la Selecci\u00f3n Chilena"},"content":{"rendered":"<p>En los \u00faltimos a\u00f1os, los chilenos han arribado a la<strong> Liga MX<\/strong>, lo han hecho con un cartel importante, pues no solo est\u00e1n ligados a equipos importantes de M\u00e9xico, sino que son tomados en cuenta en su selecci\u00f3n.<\/p>\n<p style=\"text-align: center;\"><span style=\"color: #333399;\"><a style=\"color: #333399;\" href=\"https:\/\/www.futboltotal.com.mx\/2017\/08\/guardado-tendra-companero-tico-en-el-betis\/\" target=\"_blank\" rel=\"noopener noreferrer\">VER M\u00c1S: Andr\u00e9s Guardado tendr\u00e1 compa\u00f1ero &#8216;Tico&#8217;<\/a><\/span><\/p>\n<p>Cabe recordar que <strong>Chile<\/strong> ha tenido participaciones destacadas en la \u00faltima \u00e9poca, siendo<strong> Bicampe\u00f3n de la Copa Am\u00e9rica<\/strong> en 2015 y 2016, adem\u00e1s de finalista en la reciente<strong> Copa Confederaciones de Rusia 2017<\/strong>.<\/p>\n<p><script type=\"text\/javascript\" src=\"\/\/cdn.playbuzz.com\/widget\/feed.js\"><\/script><\/p>\n<div class=\"pb_feed\" data-embed-by=\"d43f3879-83ed-40bc-99d7-fde80605466f\" data-item=\"f85d85d3-3020-4908-ba1f-bb7cc2000b2b\" data-version=\"2\"><\/div>\n","protected":false},"excerpt":{"rendered":"<p>Los chilenos se han convertido en parte de la Liga MX<\/p>\n","protected":false},"author":20,"featured_media":497432,"comment_status":"closed","ping_status":"closed","sticky":false,"template":"","format":"standard","meta":[],"categories":[2198,3845],"tags":[406,7454,5994,8137,9676,64,9271,4269,9788],"_links":{"self":[{"href":"http:\/\/desarrollo.grupomedios.com\/futbol\/wp-json\/wp\/v2\/posts\/497431"}],"collection":[{"href":"http:\/\/desarrollo.grupomedios.com\/futbol\/wp-json\/wp\/v2\/posts"}],"about":[{"href":"http:\/\/desarrollo.grupomedios.com\/futbol\/wp-json\/wp\/v2\/types\/post"}],"author":[{"embeddable":true,"href":"http:\/\/desarrollo.grupomedios.com\/futbol\/wp-json\/wp\/v2\/users\/20"}],"replies":[{"embeddable":true,"href":"http:\/\/desarrollo.grupomedios.com\/futbol\/wp-json\/wp\/v2\/comments?post=497431"}],"version-history":[{"count":1,"href":"http:\/\/desarrollo.grupomedios.com\/futbol\/wp-json\/wp\/v2\/posts\/497431\/revisions"}],"predecessor-version":[{"id":497433,"href":"http:\/\/desarrollo.grupomedios.com\/futbol\/wp-json\/wp\/v2\/posts\/497431\/revisions\/497433"}],"wp:featuredmedia":[{"embeddable":true,"href":"http:\/\/desarrollo.grupomedios.com\/futbol\/wp-json\/wp\/v2\/media\/497432"}],"wp:attachment":[{"href":"http:\/\/desarrollo.grupomedios.com\/futbol\/wp-json\/wp\/v2\/media?parent=497431"}],"wp:term":[{"taxonomy":"category","embeddable":true,"href":"http:\/\/desarrollo.grupomedios.com\/futbol\/wp-json\/wp\/v2\/categories?post=497431"},{"taxonomy":"post_tag","embeddable":true,"href":"http:\/\/desarrollo.grupomedios.com\/futbol\/wp-json\/wp\/v2\/tags?post=497431"}],"curies":[{"name":"wp","href":"https:\/\/api.w.org\/{rel}","templated":true}]}}