{"id":497435,"date":"2017-08-31T12:02:53","date_gmt":"2017-08-31T17:02:53","guid":{"rendered":"https:\/\/www.futboltotal.com.mx\/?p=497435"},"modified":"2017-08-31T12:02:53","modified_gmt":"2017-08-31T17:02:53","slug":"benfica-vende-a-atacante-jimenez-tendria-oportunidades","status":"publish","type":"post","link":"http:\/\/desarrollo.grupomedios.com\/futbol\/futbol-internacional\/benfica-vende-a-atacante-jimenez-tendria-oportunidades\/2017\/08","title":{"rendered":"Benfica vende a un atacante y Jim\u00e9nez tendr\u00eda m\u00e1s oportunidades"},"content":{"rendered":"<p><strong>Benfica<\/strong> le dio salida a uno de sus delanteros m\u00e1s importantes, pues el griego Kostas Mitroglou, ser\u00e1 nuevo jugador del Olympique de Marsella, por lo que el mexicano Ra\u00fal Jim\u00e9nez podr\u00eda tener m\u00e1s minutos con las \u00c1guilas.<\/p>\n<p>La transacci\u00f3n se elevar\u00eda a unos 15 millones de euros y el contrato ser\u00eda por cuatro a\u00f1os, seg\u00fan las cifras de los diarios <em>La Provence<\/em> y <em>L\u2019\u00c9quipe<\/em>.<\/p>\n<p style=\"text-align: center;\"><span style=\"color: #3366ff;\"><a style=\"color: #3366ff;\" href=\"https:\/\/www.futboltotal.com.mx\/2017\/08\/benfica-cerro-puertas-raul-jimenez-para-salida\/\">VER M\u00c1S: Benfica cerr\u00f3 las puertas a Ra\u00fal Jim\u00e9nez para una salida<\/a><\/span><\/p>\n<p>El <strong>Marsella<\/strong> estaba buscando un delantero y recientemente sonde\u00f3 otras opciones (Olivier Giroud, Diego Costa, Vincent Aboubakar).<\/p>\n<p>Mitroglou, internacional griego de 29 a\u00f1os, ser\u00eda el complemento de Val\u00e8re Germain en el ataque marsell\u00e9s.<\/p>\n<p>Es el s\u00e9ptimo fichaje del Marsella para la nueva temporada, tras los de Germain (M\u00f3naco), el volante brasile\u00f1o Luiz Gustavo (Wolfsburgo), los defensas Adil Rami (Sevilla), Jordan Amavi (Aston Villa) y Aymen Abdennour (Valencia), y el arquero Steve Mandanda (Crystal Palace).<\/p>\n<p>Con la salida del delantero griego, <strong>Ra\u00fal Jim\u00e9nez<\/strong> podr\u00eda ser el nuevo elemento titular en el conjunto del <strong>Benfica<\/strong>.<\/p>\n<p style=\"text-align: center;\"><span style=\"color: #3366ff;\"><a style=\"color: #3366ff;\" href=\"https:\/\/www.futboltotal.com.mx\/2017\/08\/leon-esta-luto-la-muerte-uno-sus-idolos\/\">VER M\u00c1S: El Le\u00f3n est\u00e1 de luto por la muerte de uno de sus \u00eddolos<\/a><\/span><\/p>\n","protected":false},"excerpt":{"rendered":"<p>El mexicano podr\u00eda ser titular con las \u00c1guilas.<\/p>\n","protected":false},"author":20,"featured_media":497437,"comment_status":"closed","ping_status":"closed","sticky":false,"template":"","format":"standard","meta":[],"categories":[3839],"tags":[6060,742],"_links":{"self":[{"href":"http:\/\/desarrollo.grupomedios.com\/futbol\/wp-json\/wp\/v2\/posts\/497435"}],"collection":[{"href":"http:\/\/desarrollo.grupomedios.com\/futbol\/wp-json\/wp\/v2\/posts"}],"about":[{"href":"http:\/\/desarrollo.grupomedios.com\/futbol\/wp-json\/wp\/v2\/types\/post"}],"author":[{"embeddable":true,"href":"http:\/\/desarrollo.grupomedios.com\/futbol\/wp-json\/wp\/v2\/users\/20"}],"replies":[{"embeddable":true,"href":"http:\/\/desarrollo.grupomedios.com\/futbol\/wp-json\/wp\/v2\/comments?post=497435"}],"version-history":[{"count":1,"href":"http:\/\/desarrollo.grupomedios.com\/futbol\/wp-json\/wp\/v2\/posts\/497435\/revisions"}],"predecessor-version":[{"id":497439,"href":"http:\/\/desarrollo.grupomedios.com\/futbol\/wp-json\/wp\/v2\/posts\/497435\/revisions\/497439"}],"wp:featuredmedia":[{"embeddable":true,"href":"http:\/\/desarrollo.grupomedios.com\/futbol\/wp-json\/wp\/v2\/media\/497437"}],"wp:attachment":[{"href":"http:\/\/desarrollo.grupomedios.com\/futbol\/wp-json\/wp\/v2\/media?parent=497435"}],"wp:term":[{"taxonomy":"category","embeddable":true,"href":"http:\/\/desarrollo.grupomedios.com\/futbol\/wp-json\/wp\/v2\/categories?post=497435"},{"taxonomy":"post_tag","embeddable":true,"href":"http:\/\/desarrollo.grupomedios.com\/futbol\/wp-json\/wp\/v2\/tags?post=497435"}],"curies":[{"name":"wp","href":"https:\/\/api.w.org\/{rel}","templated":true}]}}