{"id":497441,"date":"2017-08-31T12:34:07","date_gmt":"2017-08-31T17:34:07","guid":{"rendered":"https:\/\/www.futboltotal.com.mx\/?p=497441"},"modified":"2017-08-31T12:34:07","modified_gmt":"2017-08-31T17:34:07","slug":"ex-cruz-azul-llega-al-futbol-la-india","status":"publish","type":"post","link":"http:\/\/desarrollo.grupomedios.com\/futbol\/futbol-mexicano\/ex-cruz-azul-llega-al-futbol-la-india\/2017\/08","title":{"rendered":"Ex de Cruz Azul llega al futbol de la India"},"content":{"rendered":"<p>Despu\u00e9s de tener un paso por el\u00a0<strong>Gimn\u00e1stic de Tarragona<\/strong>\u00a0de la\u00a0<strong>Segunda Divisi\u00f3n de Espa\u00f1a, Achille Eman\u00e1,\u00a0<\/strong>futbolista de Camer\u00fan que militara en Cruz Azul, ha decidido continuar su carrera en la India.<\/p>\n<p style=\"text-align: center;\"><span style=\"color: #333399;\"><a style=\"color: #333399;\" href=\"https:\/\/www.futboltotal.com.mx\/2017\/08\/la-liga-mx-nueva-sucursal-la-seleccion-chilena\/\" target=\"_blank\" rel=\"noopener noreferrer\">VER M\u00c1S: La Liga MX, nueva sucursal de la Selecci\u00f3n Chilena<\/a><\/span><\/p>\n<p>Eman\u00e1 jugar\u00e1 en el\u00a0<strong>Mumbai City\u00a0<\/strong>de la\u00a0<strong>Premier League de la India,\u00a0<\/strong>quienes lo fichan como un futbolista experimentado, pues lleva 400 partidos en el futbol profesional.<\/p>\n<blockquote class=\"twitter-tweet\" data-lang=\"es\">\n<p dir=\"ltr\" lang=\"en\">With over 4\ufe0f\u20e30\ufe0f\u20e30\ufe0f\u20e3 games under his belt, Achille Eman\u00e1&#8217;s experience will be key for us in <a href=\"https:\/\/twitter.com\/hashtag\/HeroISL?src=hash\">#HeroISL<\/a> 4. Welcome to the club! &#x1f60e;<a href=\"https:\/\/twitter.com\/hashtag\/BoleTohMCFC?src=hash\">#BoleTohMCFC<\/a> <a href=\"https:\/\/t.co\/Yb7ClbU495\">pic.twitter.com\/Yb7ClbU495<\/a><\/p>\n<p>\u2014 Mumbai City FC (@MumbaiCityFC) <a href=\"https:\/\/twitter.com\/MumbaiCityFC\/status\/903229709642854400\">31 de agosto de 2017<\/a><\/p><\/blockquote>\n<p><script async src=\"\/\/platform.twitter.com\/widgets.js\" charset=\"utf-8\"><\/script><\/p>\n<p>Con <strong>Cruz Azul<\/strong> jug\u00f3 entre 2013 y 2014, jug\u00f3 15 partidos y anot\u00f3 6 goles; posteriormente vivi\u00f3 una etapa en el <strong>Atlante<\/strong> en 2015, con quienes disput\u00f3 9 encuentros y perfor\u00f3 las redes en una ocasi\u00f3n.<\/p>\n<p><iframe loading=\"lazy\" src=\"https:\/\/www.youtube.com\/embed\/3Ue7dql6d5c?feature=oembed\" frameborder=\"0\" allowfullscreen><\/iframe><\/p>\n<p style=\"text-align: center;\"><span style=\"color: #333399;\"><a style=\"color: #333399;\" href=\"https:\/\/www.futboltotal.com.mx\/2017\/08\/raul-jimenez-convive-luchador-la-wwe\/\" target=\"_blank\" rel=\"noopener noreferrer\">VER M\u00c1S: Ra\u00fal Jim\u00e9nez convive con luchador de la WWE<\/a><\/span><\/p>\n<p>&nbsp;<\/p>\n","protected":false},"excerpt":{"rendered":"<p>El futbolista tuvo pocas oportunidades con La M\u00e1quina<\/p>\n","protected":false},"author":20,"featured_media":496164,"comment_status":"closed","ping_status":"closed","sticky":false,"template":"","format":"standard","meta":[],"categories":[2198,3845],"tags":[4240,5962,10019,64],"_links":{"self":[{"href":"http:\/\/desarrollo.grupomedios.com\/futbol\/wp-json\/wp\/v2\/posts\/497441"}],"collection":[{"href":"http:\/\/desarrollo.grupomedios.com\/futbol\/wp-json\/wp\/v2\/posts"}],"about":[{"href":"http:\/\/desarrollo.grupomedios.com\/futbol\/wp-json\/wp\/v2\/types\/post"}],"author":[{"embeddable":true,"href":"http:\/\/desarrollo.grupomedios.com\/futbol\/wp-json\/wp\/v2\/users\/20"}],"replies":[{"embeddable":true,"href":"http:\/\/desarrollo.grupomedios.com\/futbol\/wp-json\/wp\/v2\/comments?post=497441"}],"version-history":[{"count":1,"href":"http:\/\/desarrollo.grupomedios.com\/futbol\/wp-json\/wp\/v2\/posts\/497441\/revisions"}],"predecessor-version":[{"id":497444,"href":"http:\/\/desarrollo.grupomedios.com\/futbol\/wp-json\/wp\/v2\/posts\/497441\/revisions\/497444"}],"wp:featuredmedia":[{"embeddable":true,"href":"http:\/\/desarrollo.grupomedios.com\/futbol\/wp-json\/wp\/v2\/media\/496164"}],"wp:attachment":[{"href":"http:\/\/desarrollo.grupomedios.com\/futbol\/wp-json\/wp\/v2\/media?parent=497441"}],"wp:term":[{"taxonomy":"category","embeddable":true,"href":"http:\/\/desarrollo.grupomedios.com\/futbol\/wp-json\/wp\/v2\/categories?post=497441"},{"taxonomy":"post_tag","embeddable":true,"href":"http:\/\/desarrollo.grupomedios.com\/futbol\/wp-json\/wp\/v2\/tags?post=497441"}],"curies":[{"name":"wp","href":"https:\/\/api.w.org\/{rel}","templated":true}]}}