{"id":497445,"date":"2017-08-31T12:43:33","date_gmt":"2017-08-31T17:43:33","guid":{"rendered":"https:\/\/www.futboltotal.com.mx\/?p=497445"},"modified":"2017-08-31T13:12:43","modified_gmt":"2017-08-31T18:12:43","slug":"america-vs-pumas-femenil-tendra-transmision-tv","status":"publish","type":"post","link":"http:\/\/desarrollo.grupomedios.com\/futbol\/destacado-home\/america-vs-pumas-femenil-tendra-transmision-tv\/2017\/08","title":{"rendered":"Am\u00e9rica vs Pumas femenil tendr\u00e1 transmisi\u00f3n por TV"},"content":{"rendered":"<p>El juego de <strong>Am\u00e9rica<\/strong> frente a<strong> Pumas<\/strong> tendr\u00e1 transmisi\u00f3n a trav\u00e9s de la televisi\u00f3n, demostrando que la <strong>Liga Femenil MX<\/strong> cada vez est\u00e1 tomando m\u00e1s impulso.<\/p>\n<p>El primer cl\u00e1sico capitalino entre las f\u00e9minas ser\u00e1 transmitido por <strong>TDN<\/strong>, as\u00ed lo dieron a conocer en sus redes sociales.<\/p>\n<p style=\"text-align: center;\"><span style=\"color: #333399;\"><a style=\"color: #333399;\" href=\"https:\/\/www.futboltotal.com.mx\/2017\/08\/raul-jimenez-convive-luchador-la-wwe\/\" target=\"_blank\" rel=\"noopener noreferrer\">VER M\u00c1S: Ra\u00fal Jim\u00e9nez convive con luchador de la WWE<\/a><\/span><\/p>\n<p>El encuentro correspondiente a la jornada 6 podr\u00e1 verse el pr\u00f3ximo s\u00e1bado a las <strong>16:00 horas<\/strong>.<\/p>\n<blockquote class=\"twitter-tweet\" data-lang=\"es\">\n<p dir=\"ltr\" lang=\"es\">\u00a1ESTRENO EN TDN!<br \/>\nLa <a href=\"https:\/\/twitter.com\/LIGAMXFemenil\">@LIGAMXFemenil<\/a> se juega aqu\u00ed<a href=\"https:\/\/twitter.com\/AmericaFemenil\">@AmericaFemenil<\/a> vs <a href=\"https:\/\/twitter.com\/PumasMX\">@PumasMX<\/a><br \/>\nSabado 16:00 Horas<br \/>\nEN VIVO y EN DIRECTO por TDN <a href=\"https:\/\/t.co\/YgG5eANNqo\">pic.twitter.com\/YgG5eANNqo<\/a><\/p>\n<p>\u2014 TDN (@tdn_twit) <a href=\"https:\/\/twitter.com\/tdn_twit\/status\/903259551071338497\">31 de agosto de 2017<\/a><\/p><\/blockquote>\n<p><script async src=\"\/\/platform.twitter.com\/widgets.js\" charset=\"utf-8\"><\/script><\/p>\n<p>Las felinas llegan despu\u00e9s de golear a <strong>Cruz Azul<\/strong> por marcador de 4-1, mientras que las \u00c1guilas empataron ante <strong>Pachuca<\/strong> a un gol.<\/p>\n<p style=\"text-align: center;\"><span style=\"color: #333399;\"><a style=\"color: #333399;\" href=\"https:\/\/www.futboltotal.com.mx\/2017\/08\/la-liga-mx-nueva-sucursal-la-seleccion-chilena\/\" target=\"_blank\" rel=\"noopener noreferrer\">VER M\u00c1S: La Liga MX, nueva sucursal de la Selecci\u00f3n Chilena<\/a><\/span><\/p>\n","protected":false},"excerpt":{"rendered":"<p>El encuentro se llevar\u00e1 a cabo el pr\u00f3ximo s\u00e1bado<\/p>\n","protected":false},"author":20,"featured_media":492194,"comment_status":"closed","ping_status":"closed","sticky":false,"template":"","format":"standard","meta":[],"categories":[5,2198,9628],"tags":[5959,8026,74],"_links":{"self":[{"href":"http:\/\/desarrollo.grupomedios.com\/futbol\/wp-json\/wp\/v2\/posts\/497445"}],"collection":[{"href":"http:\/\/desarrollo.grupomedios.com\/futbol\/wp-json\/wp\/v2\/posts"}],"about":[{"href":"http:\/\/desarrollo.grupomedios.com\/futbol\/wp-json\/wp\/v2\/types\/post"}],"author":[{"embeddable":true,"href":"http:\/\/desarrollo.grupomedios.com\/futbol\/wp-json\/wp\/v2\/users\/20"}],"replies":[{"embeddable":true,"href":"http:\/\/desarrollo.grupomedios.com\/futbol\/wp-json\/wp\/v2\/comments?post=497445"}],"version-history":[{"count":1,"href":"http:\/\/desarrollo.grupomedios.com\/futbol\/wp-json\/wp\/v2\/posts\/497445\/revisions"}],"predecessor-version":[{"id":497449,"href":"http:\/\/desarrollo.grupomedios.com\/futbol\/wp-json\/wp\/v2\/posts\/497445\/revisions\/497449"}],"wp:featuredmedia":[{"embeddable":true,"href":"http:\/\/desarrollo.grupomedios.com\/futbol\/wp-json\/wp\/v2\/media\/492194"}],"wp:attachment":[{"href":"http:\/\/desarrollo.grupomedios.com\/futbol\/wp-json\/wp\/v2\/media?parent=497445"}],"wp:term":[{"taxonomy":"category","embeddable":true,"href":"http:\/\/desarrollo.grupomedios.com\/futbol\/wp-json\/wp\/v2\/categories?post=497445"},{"taxonomy":"post_tag","embeddable":true,"href":"http:\/\/desarrollo.grupomedios.com\/futbol\/wp-json\/wp\/v2\/tags?post=497445"}],"curies":[{"name":"wp","href":"https:\/\/api.w.org\/{rel}","templated":true}]}}