{"id":497464,"date":"2017-08-31T14:26:24","date_gmt":"2017-08-31T19:26:24","guid":{"rendered":"https:\/\/www.futboltotal.com.mx\/?p=497464"},"modified":"2017-08-31T14:26:24","modified_gmt":"2017-08-31T19:26:24","slug":"cristiano-ronaldo-espectacular-gol-portugal","status":"publish","type":"post","link":"http:\/\/desarrollo.grupomedios.com\/futbol\/futbol-internacional\/cristiano-ronaldo-espectacular-gol-portugal\/2017\/08","title":{"rendered":"Cristiano Ronaldo hace espectacular gol con Portugal"},"content":{"rendered":"<p><strong>Cristiano Ronaldo<\/strong>, delantero de <strong>Portugal<\/strong>, anot\u00f3 un gol espectacular ante\u00a0<strong>Islas Feroe<\/strong>, en juego eliminatorio para <strong>Rusia 2018<\/strong>.<\/p>\n<p>Apenas a los 3 minutos, el atacante del <strong>Real Madrid<\/strong> aprovech\u00f3 un centro por la banda derecha para hacer una tijera espectacular.<\/p>\n<blockquote class=\"twitter-video\" data-lang=\"es\">\n<p dir=\"ltr\" lang=\"es\">SALVAJADA DE CRISTIANO RONALDO, EL MEJOR DEL MUNDO. <a href=\"https:\/\/t.co\/DUECCKefox\">pic.twitter.com\/DUECCKefox<\/a><\/p>\n<p>\u2014 Humo Escarlata (@HumoEscarlata) <a href=\"https:\/\/twitter.com\/HumoEscarlata\/status\/903331655355596804\">31 de agosto de 2017<\/a><\/p><\/blockquote>\n<p><script async src=\"\/\/platform.twitter.com\/widgets.js\" charset=\"utf-8\"><\/script><\/p>\n<p style=\"text-align: center;\"><span style=\"color: #333399;\"><a style=\"color: #333399;\" href=\"https:\/\/www.futboltotal.com.mx\/2017\/08\/oficial-psg-anuncia-fichaje-kylian-mbappe\/\" target=\"_blank\" rel=\"noopener noreferrer\">VER M\u00c1S: OFICIAL: Mbapp\u00e9 llega al PSG<\/a><\/span><\/p>\n<p>Posteriormente anot\u00f3 su doblete de penal, para acumular otro a su cuenta con Portugal y seguir aumentando el r\u00e9cord hist\u00f3rico que tiene.<\/p>\n<p><iframe loading=\"lazy\" src=\"https:\/\/www.youtube.com\/embed\/ciHa91BHkzM?feature=oembed\" frameborder=\"0\" allowfullscreen><\/iframe><\/p>\n<p>Con esto, el lusitano lleg\u00f3 a <strong>77 goles<\/strong> con la selecci\u00f3n absoluta de Portugal. Adem\u00e1s super\u00f3 al h\u00fangaro<strong> S\u00e1ndor Kocsis<\/strong> (75) y ya es el segundo europeo con m\u00e1s goles internacionales por detr\u00e1s de <strong>Ferenc Pusk\u00e1s<\/strong> (84).<\/p>\n<p style=\"text-align: center;\"><span style=\"color: #333399;\"><a style=\"color: #333399;\" href=\"https:\/\/www.futboltotal.com.mx\/2017\/08\/ex-cruz-azul-llega-al-futbol-la-india\/\" target=\"_blank\" rel=\"noopener noreferrer\">VER M\u00c1S: Ex de Cruz Azul llega al futbol de la India<\/a><\/span><\/p>\n<p>&nbsp;<\/p>\n","protected":false},"excerpt":{"rendered":"<p>El portugu\u00e9s hizo un aut\u00e9ntico golazo<\/p>\n","protected":false},"author":20,"featured_media":497471,"comment_status":"closed","ping_status":"closed","sticky":false,"template":"","format":"standard","meta":[],"categories":[3839],"tags":[6013,10023,715,2232],"_links":{"self":[{"href":"http:\/\/desarrollo.grupomedios.com\/futbol\/wp-json\/wp\/v2\/posts\/497464"}],"collection":[{"href":"http:\/\/desarrollo.grupomedios.com\/futbol\/wp-json\/wp\/v2\/posts"}],"about":[{"href":"http:\/\/desarrollo.grupomedios.com\/futbol\/wp-json\/wp\/v2\/types\/post"}],"author":[{"embeddable":true,"href":"http:\/\/desarrollo.grupomedios.com\/futbol\/wp-json\/wp\/v2\/users\/20"}],"replies":[{"embeddable":true,"href":"http:\/\/desarrollo.grupomedios.com\/futbol\/wp-json\/wp\/v2\/comments?post=497464"}],"version-history":[{"count":1,"href":"http:\/\/desarrollo.grupomedios.com\/futbol\/wp-json\/wp\/v2\/posts\/497464\/revisions"}],"predecessor-version":[{"id":497472,"href":"http:\/\/desarrollo.grupomedios.com\/futbol\/wp-json\/wp\/v2\/posts\/497464\/revisions\/497472"}],"wp:featuredmedia":[{"embeddable":true,"href":"http:\/\/desarrollo.grupomedios.com\/futbol\/wp-json\/wp\/v2\/media\/497471"}],"wp:attachment":[{"href":"http:\/\/desarrollo.grupomedios.com\/futbol\/wp-json\/wp\/v2\/media?parent=497464"}],"wp:term":[{"taxonomy":"category","embeddable":true,"href":"http:\/\/desarrollo.grupomedios.com\/futbol\/wp-json\/wp\/v2\/categories?post=497464"},{"taxonomy":"post_tag","embeddable":true,"href":"http:\/\/desarrollo.grupomedios.com\/futbol\/wp-json\/wp\/v2\/tags?post=497464"}],"curies":[{"name":"wp","href":"https:\/\/api.w.org\/{rel}","templated":true}]}}