{"id":497473,"date":"2017-08-31T14:45:26","date_gmt":"2017-08-31T19:45:26","guid":{"rendered":"https:\/\/www.futboltotal.com.mx\/?p=497473"},"modified":"2017-08-31T14:45:26","modified_gmt":"2017-08-31T19:45:26","slug":"tri-lanza-video-cambiar-grito-ehhh-pu","status":"publish","type":"post","link":"http:\/\/desarrollo.grupomedios.com\/futbol\/futbol-mexicano\/tri-lanza-video-cambiar-grito-ehhh-pu\/2017\/08","title":{"rendered":"Tri lanza video para cambiar grito &#8216;ehhh pu&#8230;&#8217;"},"content":{"rendered":"<p>La <strong>Selecci\u00f3n Mexicana<\/strong> lanz\u00f3 un video para pedirle a los aficionados que cambien el grito que lanzan cuando despeja el portero rival; M\u00e9xico se enfrentar\u00e1 a <strong>Panam\u00e1<\/strong> en el <strong>Estadio Azteca<\/strong>.<\/p>\n<p>Con <strong>H\u00e9ctor Moreno, \u00c9dson \u00c1lvarez e Hriving &#8216;Chucky&#8217; Lozano<\/strong>, el Tri pidi\u00f3 a los aficionados gritar <strong>&#8216;M\u00e9xico&#8217;<\/strong> cada que el portero rival despeje.<\/p>\n<p style=\"text-align: center;\"><span style=\"color: #333399;\"><a style=\"color: #333399;\" href=\"https:\/\/www.futboltotal.com.mx\/2017\/08\/ex-cruz-azul-llega-al-futbol-la-india\/\" target=\"_blank\" rel=\"noopener noreferrer\">VER M\u00c1S: Ex de Cruz Azul llega al futbol de la India<\/a><\/span><\/p>\n<p>Bajo el hashtag<strong> #GritaM\u00e9xico<\/strong>, el combinado azteca buscar\u00e1 erradicar el grito que les ha tra\u00eddo problemas; desde multas, hasta amenazas de perder\u00a0puntos en el hexagonal final.<\/p>\n<blockquote><p>&#8220;La Federaci\u00f3n Mexicana de Futbol destinar\u00e1 lo equivalente a una multa para fomentar el deporte en nuestras escuelas&#8221;, indican los futbolistas en el video.<\/p><\/blockquote>\n<p>Equipos en la <strong>Liga MX<\/strong>, como <strong>Tigres y Am\u00e9rica<\/strong> han buscado terminar con esta pr\u00e1ctica de los aficionados a trav\u00e9s de din\u00e1micas similares.<\/p>\n<blockquote class=\"twitter-video\" data-lang=\"es\">\n<p dir=\"ltr\" lang=\"es\">Los ni\u00f1os de &#x1f1f2;&#x1f1fd; nos necesitan&#8230;<\/p>\n<p>\u00a1Apoya su educaci\u00f3n y <a href=\"https:\/\/twitter.com\/hashtag\/GritaM%C3%A9xico?src=hash\">#GritaM\u00e9xico<\/a>!<\/p>\n<p>\u00a1Demostremos que somos la mejor afici\u00f3n del &#x1f30e;! <a href=\"https:\/\/t.co\/di14pLxwRi\">pic.twitter.com\/di14pLxwRi<\/a><\/p>\n<p>\u2014 Selecci\u00f3n Nacional (@miseleccionmx) <a href=\"https:\/\/twitter.com\/miseleccionmx\/status\/903331594391363584\">31 de agosto de 2017<\/a><\/p><\/blockquote>\n<p><script async src=\"\/\/platform.twitter.com\/widgets.js\" charset=\"utf-8\"><\/script><\/p>\n<p style=\"text-align: center;\"><span style=\"color: #333399;\"><a style=\"color: #333399;\" href=\"https:\/\/www.futboltotal.com.mx\/2017\/08\/la-liga-mx-nueva-sucursal-la-seleccion-chilena\/\" target=\"_blank\" rel=\"noopener noreferrer\">VER M\u00c1S: Liga MX, nueva sucursal de la Selecci\u00f3n Chilena<\/a><\/span><\/p>\n","protected":false},"excerpt":{"rendered":"<p>M\u00e9xico quiere evitar el grito ante Panam\u00e1<\/p>\n","protected":false},"author":20,"featured_media":483895,"comment_status":"closed","ping_status":"closed","sticky":false,"template":"","format":"standard","meta":[],"categories":[2198,3847],"tags":[554,65,625,2232,409],"_links":{"self":[{"href":"http:\/\/desarrollo.grupomedios.com\/futbol\/wp-json\/wp\/v2\/posts\/497473"}],"collection":[{"href":"http:\/\/desarrollo.grupomedios.com\/futbol\/wp-json\/wp\/v2\/posts"}],"about":[{"href":"http:\/\/desarrollo.grupomedios.com\/futbol\/wp-json\/wp\/v2\/types\/post"}],"author":[{"embeddable":true,"href":"http:\/\/desarrollo.grupomedios.com\/futbol\/wp-json\/wp\/v2\/users\/20"}],"replies":[{"embeddable":true,"href":"http:\/\/desarrollo.grupomedios.com\/futbol\/wp-json\/wp\/v2\/comments?post=497473"}],"version-history":[{"count":1,"href":"http:\/\/desarrollo.grupomedios.com\/futbol\/wp-json\/wp\/v2\/posts\/497473\/revisions"}],"predecessor-version":[{"id":497476,"href":"http:\/\/desarrollo.grupomedios.com\/futbol\/wp-json\/wp\/v2\/posts\/497473\/revisions\/497476"}],"wp:featuredmedia":[{"embeddable":true,"href":"http:\/\/desarrollo.grupomedios.com\/futbol\/wp-json\/wp\/v2\/media\/483895"}],"wp:attachment":[{"href":"http:\/\/desarrollo.grupomedios.com\/futbol\/wp-json\/wp\/v2\/media?parent=497473"}],"wp:term":[{"taxonomy":"category","embeddable":true,"href":"http:\/\/desarrollo.grupomedios.com\/futbol\/wp-json\/wp\/v2\/categories?post=497473"},{"taxonomy":"post_tag","embeddable":true,"href":"http:\/\/desarrollo.grupomedios.com\/futbol\/wp-json\/wp\/v2\/tags?post=497473"}],"curies":[{"name":"wp","href":"https:\/\/api.w.org\/{rel}","templated":true}]}}