{"id":497477,"date":"2017-08-31T15:05:05","date_gmt":"2017-08-31T20:05:05","guid":{"rendered":"https:\/\/www.futboltotal.com.mx\/?p=497477"},"modified":"2017-08-31T15:05:05","modified_gmt":"2017-08-31T20:05:05","slug":"si-hay-un-cachirul-en-la-liga-mx-saucedo","status":"publish","type":"post","link":"http:\/\/desarrollo.grupomedios.com\/futbol\/destacado-home\/si-hay-un-cachirul-en-la-liga-mx-saucedo\/2017\/08","title":{"rendered":"Si hay un cachirul en la Liga MX: Saucedo"},"content":{"rendered":"<p>Cirilo Saucedo dio a conocer que el fichaje de <strong>Guillermo Iriarte<\/strong> con el <strong>FC Ju\u00e1rez<\/strong> s\u00ed se dio de manera indebida.<\/p>\n<p>Saucedo coment\u00f3 al periodista Ignacio Su\u00e1rez que Iriarte no estaba contemplado con los Bravos antes de que terminara el <strong>Draft de Transferencias<\/strong>.<\/p>\n<p style=\"text-align: center;\"><span style=\"color: #333399;\"><a style=\"color: #333399;\" href=\"https:\/\/www.futboltotal.com.mx\/2017\/08\/no-fue-venganza-cancelacion-de-amistoso-contra-lobos-america\/\">VER M\u00c1S &#8211; <span class=\"item-title\">No fue venganza, cancelaci\u00f3n de amistoso contra Lobos: Am\u00e9rica<\/span><\/a><\/span><\/p>\n<p>La <strong>Liga MX<\/strong> dio a conocer el d\u00eda de ayer una aclaraci\u00f3n en la cual coment\u00f3 que el jugador Guillermo Iriarte si se registr\u00f3 previo a la culminaci\u00f3n del Draft de Canc\u00fan.<\/p>\n<p>Mientras que <strong>Cirilo Saucedo<\/strong> se qued\u00f3 seis meses sin jugar tras no renovar con la escuadra fronteriza, por las presiones que recibi\u00f3 de la instituci\u00f3n.<\/p>\n<p style=\"text-align: center;\"><span style=\"color: #333399;\"><a style=\"color: #333399;\" href=\"https:\/\/www.futboltotal.com.mx\/2017\/08\/no-hay-ningun-cachirul-responde-la-liga-mx\/\">VER M\u00c1S: <span class=\"item-title\">No hay ning\u00fan \u2018cachirul\u2019, responde la Liga MX<\/span><\/a><\/span><\/p>\n","protected":false},"excerpt":{"rendered":"<p>El ex arquero de Ju\u00e1rez confirm\u00f3 que Guillermo Iriarte fue contratado despu\u00e9s del Draft<\/p>\n","protected":false},"author":20,"featured_media":497479,"comment_status":"closed","ping_status":"closed","sticky":false,"template":"","format":"standard","meta":[],"categories":[5,2198,3845],"tags":[10024,449,6558,10009],"_links":{"self":[{"href":"http:\/\/desarrollo.grupomedios.com\/futbol\/wp-json\/wp\/v2\/posts\/497477"}],"collection":[{"href":"http:\/\/desarrollo.grupomedios.com\/futbol\/wp-json\/wp\/v2\/posts"}],"about":[{"href":"http:\/\/desarrollo.grupomedios.com\/futbol\/wp-json\/wp\/v2\/types\/post"}],"author":[{"embeddable":true,"href":"http:\/\/desarrollo.grupomedios.com\/futbol\/wp-json\/wp\/v2\/users\/20"}],"replies":[{"embeddable":true,"href":"http:\/\/desarrollo.grupomedios.com\/futbol\/wp-json\/wp\/v2\/comments?post=497477"}],"version-history":[{"count":1,"href":"http:\/\/desarrollo.grupomedios.com\/futbol\/wp-json\/wp\/v2\/posts\/497477\/revisions"}],"predecessor-version":[{"id":497480,"href":"http:\/\/desarrollo.grupomedios.com\/futbol\/wp-json\/wp\/v2\/posts\/497477\/revisions\/497480"}],"wp:featuredmedia":[{"embeddable":true,"href":"http:\/\/desarrollo.grupomedios.com\/futbol\/wp-json\/wp\/v2\/media\/497479"}],"wp:attachment":[{"href":"http:\/\/desarrollo.grupomedios.com\/futbol\/wp-json\/wp\/v2\/media?parent=497477"}],"wp:term":[{"taxonomy":"category","embeddable":true,"href":"http:\/\/desarrollo.grupomedios.com\/futbol\/wp-json\/wp\/v2\/categories?post=497477"},{"taxonomy":"post_tag","embeddable":true,"href":"http:\/\/desarrollo.grupomedios.com\/futbol\/wp-json\/wp\/v2\/tags?post=497477"}],"curies":[{"name":"wp","href":"https:\/\/api.w.org\/{rel}","templated":true}]}}