{"id":497484,"date":"2017-08-31T16:05:27","date_gmt":"2017-08-31T21:05:27","guid":{"rendered":"https:\/\/www.futboltotal.com.mx\/?p=497484"},"modified":"2017-08-31T16:05:27","modified_gmt":"2017-08-31T21:05:27","slug":"el-clima-y-el-grito-principales-problemas-del-tri-en-el-azteca","status":"publish","type":"post","link":"http:\/\/desarrollo.grupomedios.com\/futbol\/futbol-mexicano\/el-clima-y-el-grito-principales-problemas-del-tri-en-el-azteca\/2017\/08","title":{"rendered":"El clima y el grito, los principales problemas del Tri en el Azteca"},"content":{"rendered":"<p><strong>Juan Carlos Osorio<\/strong>, t\u00e9cnico de la <strong>Selecci\u00f3n Mexicana<\/strong>, afirm\u00f3 que la situaci\u00f3n actual que vive la Ciudad de M\u00e9xico donde las lluvias no se han detenido en los \u00faltimos d\u00edas, podr\u00edan ser factor que pudiera afectar en el funcionamiento en el estadio Azteca.<\/p>\n<p>Sin embargo, el &#8216;Predicador&#8217; se\u00f1al\u00f3 que el grupo del Tricolor es muy flexible por lo que existen jugadores que se pueden acoplar a la situaci\u00f3n que se viva en el partido.<\/p>\n<p style=\"text-align: center;\"><span style=\"color: #333399;\"><a style=\"color: #333399;\" href=\"https:\/\/www.futboltotal.com.mx\/2017\/08\/raul-gudino-llega-al-apoel-de-chipre\/\">VER M\u00c1S: <span class=\"item-title\">Ra\u00fal Gudi\u00f1o llega al APOEL de Chipre<\/span><\/a><\/span><\/p>\n<p>&#8220;Tenemos un equipo con esp\u00edritu combativo, y para demostrar que somos el equipo m\u00e1s fuerte del \u00e1rea, tenemos que ganar, tenemos qu\u00e9 hacerlo&#8221;, se\u00f1al\u00f3 Osorio.<\/p>\n<p>Por otra parte, <strong>Hirving Lozano<\/strong> destac\u00f3 que la campa\u00f1a que est\u00e1 haciendo la Selecci\u00f3n Mexicana para erradicar el grupo es de gran val\u00eda y por tal raz\u00f3n &#8220;ojal\u00e1 que se cambie el grito&#8221; para no tener esos problemas.<\/p>\n<p style=\"text-align: center;\"><span style=\"color: #333399;\"><a style=\"color: #333399;\" href=\"https:\/\/www.futboltotal.com.mx\/2017\/08\/tri-lanza-video-cambiar-grito-ehhh-pu\/\">VER M\u00c1S: <span class=\"item-title\">Tri lanza video para cambiar grito \u2018ehhh pu\u2026\u2019<\/span><\/a><\/span><\/p>\n<p>El &#8220;Profe&#8221; coment\u00f3 al respecto que &#8220;el grito es subjetivo, es interpretaci\u00f3n de cada quien&#8221;, dejando en entredicho si lo apoya o est\u00e1 en contra de que se grite en los estadios.<\/p>\n","protected":false},"excerpt":{"rendered":"<p>Juan Carlos Osorio no se mostr\u00f3 ni a favor ni en contra del grito de &#8220;eeeh puto&#8221;<\/p>\n","protected":false},"author":20,"featured_media":497487,"comment_status":"closed","ping_status":"closed","sticky":false,"template":"","format":"standard","meta":[],"categories":[2198,3847],"tags":[554,65,625],"_links":{"self":[{"href":"http:\/\/desarrollo.grupomedios.com\/futbol\/wp-json\/wp\/v2\/posts\/497484"}],"collection":[{"href":"http:\/\/desarrollo.grupomedios.com\/futbol\/wp-json\/wp\/v2\/posts"}],"about":[{"href":"http:\/\/desarrollo.grupomedios.com\/futbol\/wp-json\/wp\/v2\/types\/post"}],"author":[{"embeddable":true,"href":"http:\/\/desarrollo.grupomedios.com\/futbol\/wp-json\/wp\/v2\/users\/20"}],"replies":[{"embeddable":true,"href":"http:\/\/desarrollo.grupomedios.com\/futbol\/wp-json\/wp\/v2\/comments?post=497484"}],"version-history":[{"count":1,"href":"http:\/\/desarrollo.grupomedios.com\/futbol\/wp-json\/wp\/v2\/posts\/497484\/revisions"}],"predecessor-version":[{"id":497489,"href":"http:\/\/desarrollo.grupomedios.com\/futbol\/wp-json\/wp\/v2\/posts\/497484\/revisions\/497489"}],"wp:featuredmedia":[{"embeddable":true,"href":"http:\/\/desarrollo.grupomedios.com\/futbol\/wp-json\/wp\/v2\/media\/497487"}],"wp:attachment":[{"href":"http:\/\/desarrollo.grupomedios.com\/futbol\/wp-json\/wp\/v2\/media?parent=497484"}],"wp:term":[{"taxonomy":"category","embeddable":true,"href":"http:\/\/desarrollo.grupomedios.com\/futbol\/wp-json\/wp\/v2\/categories?post=497484"},{"taxonomy":"post_tag","embeddable":true,"href":"http:\/\/desarrollo.grupomedios.com\/futbol\/wp-json\/wp\/v2\/tags?post=497484"}],"curies":[{"name":"wp","href":"https:\/\/api.w.org\/{rel}","templated":true}]}}