{"id":497485,"date":"2017-08-31T16:05:17","date_gmt":"2017-08-31T21:05:17","guid":{"rendered":"https:\/\/www.futboltotal.com.mx\/?p=497485"},"modified":"2017-08-31T16:05:17","modified_gmt":"2017-08-31T21:05:17","slug":"francia-bailo-goleo-a-holanda-se-quedaria-sin-mundial","status":"publish","type":"post","link":"http:\/\/desarrollo.grupomedios.com\/futbol\/uncategorized\/francia-bailo-goleo-a-holanda-se-quedaria-sin-mundial\/2017\/08","title":{"rendered":"Francia bail\u00f3 y gole\u00f3 a Holanda, que se quedar\u00eda sin Mundial"},"content":{"rendered":"<p>La <strong>Selecci\u00f3n de Francia<\/strong> se encarg\u00f3 de bailar y golear con marcador de 4-0 a <strong>Holanda<\/strong>, que se quedar\u00eda sin Mundial, en un partido disputado en el Stade de France y correspondiente al Grupo A de las eliminatorias de UEFA rumbo al M<strong>undial de 2018<\/strong>.<\/p>\n<blockquote class=\"twitter-tweet\" data-width=\"500\">\n<p lang=\"fr\" dir=\"ltr\">Fin du match ! 4-0 pour l&#39;Equipe de France face aux Pays-Bas !!! <a href=\"https:\/\/twitter.com\/hashtag\/FRAPBS?src=hash\">#FRAPBS<\/a> <a href=\"https:\/\/t.co\/roAUaWjobT\">pic.twitter.com\/roAUaWjobT<\/a><\/p>\n<p>&mdash; Equipe de France (@equipedefrance) <a href=\"https:\/\/twitter.com\/equipedefrance\/status\/903355210667610112\">August 31, 2017<\/a><\/p><\/blockquote>\n<p><script async src=\"\/\/platform.twitter.com\/widgets.js\" charset=\"utf-8\"><\/script><\/p>\n<p>Desde el inicio los franceses fueron amos del partido y lo demostraron al minuto 14&#8242; cuando Antoine Griezmann se encarg\u00f3 de verncer a Jasper Cillessen con un disparo por debajo de las piernas.<\/p>\n<p style=\"text-align: center;\"><span style=\"color: #3366ff;\"><a style=\"color: #3366ff;\" href=\"https:\/\/www.futboltotal.com.mx\/2017\/08\/si-hay-un-cachirul-en-la-liga-mx-saucedo\/\">VER M\u00c1S: Si hay un cachirul en la Liga MX: Saucedo<\/a><\/span><\/p>\n<p>A pesar de que los holandeses quisieron reaccionar por medio de Arjen Robben, el jugador del Bayern M\u00fanich fue bloqueado y bien contenido por la defensa local. Incluso Le Blues tuvo m\u00e1s oportunidades por medio de Paul Pogba y Olivier Giroud, pero no pudieron aumentar la ventaja.<\/p>\n<p>El baile inici\u00f3 en la segunda mitad. Pues la poderosa combinaci\u00f3n ofensiva de <strong>Francia<\/strong> permiti\u00f3 que Lemmar marcara un doblete para aumentar el marcador a 3-0 y al final dejar al <span style=\"color: #3366ff;\">f<a style=\"color: #3366ff;\" href=\"https:\/\/www.futboltotal.com.mx\/2017\/08\/oficial-psg-anuncia-fichaje-kylian-mbappe\/\" target=\"_blank\" rel=\"noopener noreferrer\">lamante fichaje del PSG, Kylian Mbapp\u00e9<\/a><\/span>, sentenciar la goleada.<\/p>\n<p><iframe loading=\"lazy\" src=\"https:\/\/www.youtube.com\/embed\/pEIAipaF5-0?feature=oembed\" frameborder=\"0\" allowfullscreen><\/iframe><\/p>\n<p>Con esta derrota, <strong>Francia<\/strong> se pone como l\u00edder del Grupo A rumbo a la Copa del Mundo de Rusia 2018, mientras que <strong>Holanda<\/strong> quedar\u00eda en tercer puesto y no tendr\u00eda posibilidades de llegar a la justa.<\/p>\n","protected":false},"excerpt":{"rendered":"<p>Los franceses est\u00e1n liderando el Grupo A en UEFA.<\/p>\n","protected":false},"author":129,"featured_media":497486,"comment_status":"closed","ping_status":"closed","sticky":false,"template":"","format":"standard","meta":[],"categories":[1],"tags":[413,6024,1125,192],"_links":{"self":[{"href":"http:\/\/desarrollo.grupomedios.com\/futbol\/wp-json\/wp\/v2\/posts\/497485"}],"collection":[{"href":"http:\/\/desarrollo.grupomedios.com\/futbol\/wp-json\/wp\/v2\/posts"}],"about":[{"href":"http:\/\/desarrollo.grupomedios.com\/futbol\/wp-json\/wp\/v2\/types\/post"}],"author":[{"embeddable":true,"href":"http:\/\/desarrollo.grupomedios.com\/futbol\/wp-json\/wp\/v2\/users\/129"}],"replies":[{"embeddable":true,"href":"http:\/\/desarrollo.grupomedios.com\/futbol\/wp-json\/wp\/v2\/comments?post=497485"}],"version-history":[{"count":1,"href":"http:\/\/desarrollo.grupomedios.com\/futbol\/wp-json\/wp\/v2\/posts\/497485\/revisions"}],"predecessor-version":[{"id":497488,"href":"http:\/\/desarrollo.grupomedios.com\/futbol\/wp-json\/wp\/v2\/posts\/497485\/revisions\/497488"}],"wp:featuredmedia":[{"embeddable":true,"href":"http:\/\/desarrollo.grupomedios.com\/futbol\/wp-json\/wp\/v2\/media\/497486"}],"wp:attachment":[{"href":"http:\/\/desarrollo.grupomedios.com\/futbol\/wp-json\/wp\/v2\/media?parent=497485"}],"wp:term":[{"taxonomy":"category","embeddable":true,"href":"http:\/\/desarrollo.grupomedios.com\/futbol\/wp-json\/wp\/v2\/categories?post=497485"},{"taxonomy":"post_tag","embeddable":true,"href":"http:\/\/desarrollo.grupomedios.com\/futbol\/wp-json\/wp\/v2\/tags?post=497485"}],"curies":[{"name":"wp","href":"https:\/\/api.w.org\/{rel}","templated":true}]}}