{"id":497509,"date":"2017-08-31T18:38:19","date_gmt":"2017-08-31T23:38:19","guid":{"rendered":"https:\/\/www.futboltotal.com.mx\/?p=497509"},"modified":"2017-09-01T10:04:02","modified_gmt":"2017-09-01T15:04:02","slug":"suarez-y-messi-con-mensaje-de-apoyo-para-mundial-de-2030","status":"publish","type":"post","link":"http:\/\/desarrollo.grupomedios.com\/futbol\/futbol-internacional\/suarez-y-messi-con-mensaje-de-apoyo-para-mundial-de-2030\/2017\/08","title":{"rendered":"S\u00faarez y Messi posan con mensaje de apoyo para Mundial 2030"},"content":{"rendered":"<p><span id=\"ctl14_lblMostra\">Las estrellas de la selecci\u00f3n de Argentina y Uruguay, <strong>Lionel Messi y Luis Su\u00e1rez<\/strong>, posaron hoy en la cancha del estadio Centenario de Montevideo con un mensaje de apoyo hacia la candidatura conjunta de ambos pa\u00edses para organizar el Mundial 2030.<\/span><\/p>\n<p>Mientras Su\u00e1rez visti\u00f3 la camiseta celeste con el dorsal 20, Messi lo acompa\u00f1\u00f3 con la de la selecci\u00f3n argentina y el dorsal 30.<\/p>\n<p style=\"text-align: center;\"><span id=\"ctl14_lblMostra\"><span style=\"color: #333399;\"><a style=\"color: #333399;\" href=\"https:\/\/www.futboltotal.com.mx\/2017\/08\/colombia-saca-empate-incomodo-en-venezuela\/\">VER M\u00c1S: <span class=\"item-title\">Colombia saca empate inc\u00f3modo en Venezuela<\/span><\/a><\/span><\/span><\/p>\n<p style=\"text-align: left;\"><span id=\"ctl14_lblMostra\">As\u00ed, ambos formaron la cifra 2030, a\u00f1o en el que se conmemorar\u00e1 el centenario del primer Mundial, que acogi\u00f3 Montevideo y su emblem\u00e1tico Estadio Centenario.<\/span><\/p>\n<p>Aunque la candidatura no fue lanzada de forma oficial, <strong>Argentina y Uruguay<\/strong> ya trabajan para generar una organizaci\u00f3n conjunta del Mundial, a la que este jueves se sum\u00f3 Paraguay.<\/p>\n<p style=\"text-align: center;\"><span id=\"ctl14_lblMostra\"><span style=\"color: #333399;\"><a style=\"color: #333399;\" href=\"https:\/\/www.futboltotal.com.mx\/2017\/08\/panama-la-pesadilla-de-mexico-en-concacaf-mexico-panama\/\">VER M\u00c1S: <span class=\"item-title\">Panam\u00e1, la pesadilla de M\u00e9xico en Concacaf<\/span><\/a><\/span><\/span><\/p>\n<p style=\"text-align: left;\"><span id=\"ctl14_lblMostra\">Esto \u00faltimo fue confirmado por el presidente paraguayo, Horacio Cartes, y el titular de la Conmebol, Alejandro Dom\u00ednguez.<\/span><\/p>\n","protected":false},"excerpt":{"rendered":"<p>Los jugadores del Barcelona funcionaron como los emblemas para buscar la Copa del Mundo para sus pa\u00edses<\/p>\n","protected":false},"author":144,"featured_media":497510,"comment_status":"closed","ping_status":"closed","sticky":false,"template":"","format":"standard","meta":[],"categories":[7566,7570,3839],"tags":[5996,6012,6016,503],"_links":{"self":[{"href":"http:\/\/desarrollo.grupomedios.com\/futbol\/wp-json\/wp\/v2\/posts\/497509"}],"collection":[{"href":"http:\/\/desarrollo.grupomedios.com\/futbol\/wp-json\/wp\/v2\/posts"}],"about":[{"href":"http:\/\/desarrollo.grupomedios.com\/futbol\/wp-json\/wp\/v2\/types\/post"}],"author":[{"embeddable":true,"href":"http:\/\/desarrollo.grupomedios.com\/futbol\/wp-json\/wp\/v2\/users\/144"}],"replies":[{"embeddable":true,"href":"http:\/\/desarrollo.grupomedios.com\/futbol\/wp-json\/wp\/v2\/comments?post=497509"}],"version-history":[{"count":2,"href":"http:\/\/desarrollo.grupomedios.com\/futbol\/wp-json\/wp\/v2\/posts\/497509\/revisions"}],"predecessor-version":[{"id":497559,"href":"http:\/\/desarrollo.grupomedios.com\/futbol\/wp-json\/wp\/v2\/posts\/497509\/revisions\/497559"}],"wp:featuredmedia":[{"embeddable":true,"href":"http:\/\/desarrollo.grupomedios.com\/futbol\/wp-json\/wp\/v2\/media\/497510"}],"wp:attachment":[{"href":"http:\/\/desarrollo.grupomedios.com\/futbol\/wp-json\/wp\/v2\/media?parent=497509"}],"wp:term":[{"taxonomy":"category","embeddable":true,"href":"http:\/\/desarrollo.grupomedios.com\/futbol\/wp-json\/wp\/v2\/categories?post=497509"},{"taxonomy":"post_tag","embeddable":true,"href":"http:\/\/desarrollo.grupomedios.com\/futbol\/wp-json\/wp\/v2\/tags?post=497509"}],"curies":[{"name":"wp","href":"https:\/\/api.w.org\/{rel}","templated":true}]}}