{"id":497547,"date":"2017-09-01T09:22:29","date_gmt":"2017-09-01T14:22:29","guid":{"rendered":"https:\/\/www.futboltotal.com.mx\/?p=497547"},"modified":"2017-09-01T09:22:29","modified_gmt":"2017-09-01T14:22:29","slug":"arturo-vidal-explota-contra-aficionados-chilenos","status":"publish","type":"post","link":"http:\/\/desarrollo.grupomedios.com\/futbol\/futbol-internacional\/arturo-vidal-explota-contra-aficionados-chilenos\/2017\/09","title":{"rendered":"Arturo Vidal explota contra aficionados chilenos"},"content":{"rendered":"<p><strong>Arturo Vidal<\/strong>, centrocampista chileno, explot\u00f3 contra los aficionados luego de las cr\u00edticas que recibi\u00f3 por anotar un autogol en la <span style=\"color: #333399;\"><a style=\"color: #333399;\" href=\"https:\/\/www.futboltotal.com.mx\/2017\/08\/chile-se-complica-la-vida-con-derrota-ante-paraguay\/\" target=\"_blank\" rel=\"noopener noreferrer\">derrota que sufri\u00f3 su selecci\u00f3n ante<strong> Paraguay<\/strong><\/a><\/span>.<\/p>\n<p><strong>&#8220;Ahora deben estar felices los mala leche que hay en este pa\u00eds!!!\u00a0Pero no se preocupen, cada vez me falta menos para irme!!!&#8221;,<\/strong>\u00a0escribi\u00f3\u00a0el futbolista a trav\u00e9s de Twitter.<\/p>\n<blockquote class=\"twitter-tweet\" data-lang=\"es\">\n<p dir=\"ltr\" lang=\"es\">Ahora deben estar felices los mala leche qu\u00e9 hay en este pa\u00eds!!!&#x1f621;&#x1f621;&#x1f621; pero no se preocupen, cada vez me falta menos para irme!!!&#x1f44d;&#x1f3fc;&#x1f44d;&#x1f3fc; <a href=\"https:\/\/t.co\/i9bnNjM1QZ\">pic.twitter.com\/i9bnNjM1QZ<\/a><\/p>\n<p>\u2014 Arturo Vidal (@kingarturo23) <a href=\"https:\/\/twitter.com\/kingarturo23\/status\/903436478637887488\">1 de septiembre de 2017<\/a><\/p><\/blockquote>\n<p><script async src=\"\/\/platform.twitter.com\/widgets.js\" charset=\"utf-8\"><\/script><\/p>\n<p style=\"text-align: center;\"><span style=\"color: #333399;\"><a style=\"color: #333399;\" href=\"https:\/\/www.futboltotal.com.mx\/2017\/08\/panama-la-pesadilla-de-mexico-en-concacaf-mexico-panama\/\" target=\"_blank\" rel=\"noopener noreferrer\">VER M\u00c1S: Panam\u00e1, la pesadilla de M\u00e9xico en Concacaf<\/a><\/span><\/p>\n<p>El mensaje se debe a las cr\u00edticas que recibi\u00f3 luego de <strong><span style=\"color: #333399;\"><a style=\"color: #333399;\" href=\"https:\/\/www.futboltotal.com.mx\/2017\/08\/arturo-vidal-envuelto-en-nuevo-escandalo-en-casino\/\" target=\"_blank\" rel=\"noopener noreferrer\">protagonizar un esc\u00e1ndalo en un casino<\/a><\/span><\/strong>, aunado al autogol que anot\u00f3 en el encuentro y que abri\u00f3 camino a la goleada del equipo guaran\u00ed.<\/p>\n<blockquote class=\"twitter-video\" data-lang=\"es\">\n<p dir=\"ltr\" lang=\"es\">Regla infalible del f\u00fatbol: todos los autogoles son golazos&#8230;<\/p>\n<p>Chile 0-1 Paraguay<\/p>\n<p>Autogol de Arturo Vidal <a href=\"https:\/\/twitter.com\/hashtag\/EliminatoriasCONMEBOL?src=hash\">#EliminatoriasCONMEBOL<\/a> <a href=\"https:\/\/t.co\/eWY73mAhhy\">pic.twitter.com\/eWY73mAhhy<\/a><\/p>\n<p>\u2014 BetlabMx (@BetLabMx) <a href=\"https:\/\/twitter.com\/BetLabMx\/status\/903392995403325440\">31 de agosto de 2017<\/a><\/p><\/blockquote>\n<p><script async src=\"\/\/platform.twitter.com\/widgets.js\" charset=\"utf-8\"><\/script><\/p>\n<p>Chile se enfrentar\u00e1 a <strong>Bolivia<\/strong> en la Paz, los andinos\u00a0ocupan la cuarta posici\u00f3n en la clasificaci\u00f3n de la <strong>Conmebol al Mundial de 2018<\/strong>.<\/p>\n<p style=\"text-align: center;\"><span style=\"color: #333399;\"><a style=\"color: #333399;\" href=\"https:\/\/www.futboltotal.com.mx\/2017\/08\/ravel-morrison-nuevo-fichaje-del-atlas\/\" target=\"_blank\" rel=\"noopener noreferrer\">VER M\u00c1S: Ravel Robinson, nuevo fichaje del Atlas<\/a><\/span><\/p>\n","protected":false},"excerpt":{"rendered":"<p>El volante del Bayern Munich no aguant\u00f3 las cr\u00edticas<\/p>\n","protected":false},"author":20,"featured_media":475478,"comment_status":"closed","ping_status":"closed","sticky":false,"template":"","format":"standard","meta":[],"categories":[3839],"tags":[2962,406,1392,664,2232],"_links":{"self":[{"href":"http:\/\/desarrollo.grupomedios.com\/futbol\/wp-json\/wp\/v2\/posts\/497547"}],"collection":[{"href":"http:\/\/desarrollo.grupomedios.com\/futbol\/wp-json\/wp\/v2\/posts"}],"about":[{"href":"http:\/\/desarrollo.grupomedios.com\/futbol\/wp-json\/wp\/v2\/types\/post"}],"author":[{"embeddable":true,"href":"http:\/\/desarrollo.grupomedios.com\/futbol\/wp-json\/wp\/v2\/users\/20"}],"replies":[{"embeddable":true,"href":"http:\/\/desarrollo.grupomedios.com\/futbol\/wp-json\/wp\/v2\/comments?post=497547"}],"version-history":[{"count":1,"href":"http:\/\/desarrollo.grupomedios.com\/futbol\/wp-json\/wp\/v2\/posts\/497547\/revisions"}],"predecessor-version":[{"id":497550,"href":"http:\/\/desarrollo.grupomedios.com\/futbol\/wp-json\/wp\/v2\/posts\/497547\/revisions\/497550"}],"wp:featuredmedia":[{"embeddable":true,"href":"http:\/\/desarrollo.grupomedios.com\/futbol\/wp-json\/wp\/v2\/media\/475478"}],"wp:attachment":[{"href":"http:\/\/desarrollo.grupomedios.com\/futbol\/wp-json\/wp\/v2\/media?parent=497547"}],"wp:term":[{"taxonomy":"category","embeddable":true,"href":"http:\/\/desarrollo.grupomedios.com\/futbol\/wp-json\/wp\/v2\/categories?post=497547"},{"taxonomy":"post_tag","embeddable":true,"href":"http:\/\/desarrollo.grupomedios.com\/futbol\/wp-json\/wp\/v2\/tags?post=497547"}],"curies":[{"name":"wp","href":"https:\/\/api.w.org\/{rel}","templated":true}]}}