{"id":497557,"date":"2017-09-01T10:11:08","date_gmt":"2017-09-01T15:11:08","guid":{"rendered":"https:\/\/www.futboltotal.com.mx\/?p=497557"},"modified":"2017-09-01T10:11:08","modified_gmt":"2017-09-01T15:11:08","slug":"mexico-vs-panama-en-duda-la-cancha-del-azteca-esta-inundada","status":"publish","type":"post","link":"http:\/\/desarrollo.grupomedios.com\/futbol\/destacado-home\/mexico-vs-panama-en-duda-la-cancha-del-azteca-esta-inundada\/2017\/09","title":{"rendered":"M\u00e9xico vs Panam\u00e1 en duda, la cancha del Azteca est\u00e1 inundada"},"content":{"rendered":"<p>El juego entre <strong>M\u00e9xico y Panam\u00e1<\/strong> se encuentra en suspenso debido a las condiciones climatol\u00f3gicas que se han vivido en los \u00faltimos d\u00edas en la <strong>Ciudad de M\u00e9xico<\/strong>, las lluvias podr\u00edan impedir que se lleve a cabo el encuentro.<\/p>\n<p>Para este viernes se han pronosticado lluvias fuertes, aunado a ello, los aguaceros que se han vivido en mi\u00e9rcoles y jueves ya han hecho estragos en la cancha del <strong>Estadio Azteca<\/strong>.<\/p>\n<p style=\"text-align: center;\"><span style=\"color: #333399;\"><a style=\"color: #333399;\" href=\"https:\/\/www.futboltotal.com.mx\/2017\/09\/aaron-galindo-jugara-en-espana-junto-a-mexicano\/\" target=\"_blank\" rel=\"noopener noreferrer\">VER M\u00c1S: Aar\u00f3n Galindo jugar\u00e1 en Espa\u00f1a junto a otro mexicano<\/a><\/span><\/p>\n<p>Im\u00e1genes que se han difundido a trav\u00e9s de redes sociales y por la cadena <em>ESPN<\/em>, muestran la cancha encharcada e inundada en otros puntos.<\/p>\n<p><a href=\"https:\/\/www.futboltotal.com.mx\/wp-content\/uploads\/2017\/09\/Azteca-inundado-1.jpg\"><img decoding=\"async\" loading=\"lazy\" class=\"alignnone size-full wp-image-497560\" src=\"https:\/\/www.futboltotal.com.mx\/wp-content\/uploads\/2017\/09\/Azteca-inundado-1.jpg\" alt=\"M\u00e9xico vs Panam\u00e1 en duda, la cancha del Azteca est\u00e1 inundada 0\" srcset=\"http:\/\/desarrollo.grupomedios.com\/futbol\/wp-content\/uploads\/2017\/09\/Azteca-inundado-1.jpg 1220w, http:\/\/desarrollo.grupomedios.com\/futbol\/wp-content\/uploads\/2017\/09\/Azteca-inundado-1-300x129.jpg 300w, http:\/\/desarrollo.grupomedios.com\/futbol\/wp-content\/uploads\/2017\/09\/Azteca-inundado-1-768x331.jpg 768w, http:\/\/desarrollo.grupomedios.com\/futbol\/wp-content\/uploads\/2017\/09\/Azteca-inundado-1-1024x441.jpg 1024w\" sizes=\"(max-width: 1220px) 100vw, 1220px\" \/><\/a> <a href=\"https:\/\/www.futboltotal.com.mx\/wp-content\/uploads\/2017\/09\/Azteca-inundado-2.jpg\"><img decoding=\"async\" loading=\"lazy\" class=\"alignnone size-full wp-image-497561\" src=\"https:\/\/www.futboltotal.com.mx\/wp-content\/uploads\/2017\/09\/Azteca-inundado-2.jpg\" alt=\"M\u00e9xico vs Panam\u00e1 en duda, la cancha del Azteca est\u00e1 inundada 1\" srcset=\"http:\/\/desarrollo.grupomedios.com\/futbol\/wp-content\/uploads\/2017\/09\/Azteca-inundado-2.jpg 1224w, http:\/\/desarrollo.grupomedios.com\/futbol\/wp-content\/uploads\/2017\/09\/Azteca-inundado-2-300x130.jpg 300w, http:\/\/desarrollo.grupomedios.com\/futbol\/wp-content\/uploads\/2017\/09\/Azteca-inundado-2-768x333.jpg 768w, http:\/\/desarrollo.grupomedios.com\/futbol\/wp-content\/uploads\/2017\/09\/Azteca-inundado-2-1024x443.jpg 1024w\" sizes=\"(max-width: 1224px) 100vw, 1224px\" \/><\/a> <a href=\"https:\/\/www.futboltotal.com.mx\/wp-content\/uploads\/2017\/09\/Azteca-inundado.jpg\"><img decoding=\"async\" loading=\"lazy\" class=\"alignnone size-full wp-image-497562\" src=\"https:\/\/www.futboltotal.com.mx\/wp-content\/uploads\/2017\/09\/Azteca-inundado.jpg\" alt=\"M\u00e9xico vs Panam\u00e1 en duda, la cancha del Azteca est\u00e1 inundada 2\" srcset=\"http:\/\/desarrollo.grupomedios.com\/futbol\/wp-content\/uploads\/2017\/09\/Azteca-inundado.jpg 1224w, http:\/\/desarrollo.grupomedios.com\/futbol\/wp-content\/uploads\/2017\/09\/Azteca-inundado-300x130.jpg 300w, http:\/\/desarrollo.grupomedios.com\/futbol\/wp-content\/uploads\/2017\/09\/Azteca-inundado-768x333.jpg 768w, http:\/\/desarrollo.grupomedios.com\/futbol\/wp-content\/uploads\/2017\/09\/Azteca-inundado-1024x443.jpg 1024w\" sizes=\"(max-width: 1224px) 100vw, 1224px\" \/><\/a><\/p>\n<p>De acuerdo al sistema meteorol\u00f3gico nacional <strong>hay 90% de probabilidad de lluvia<\/strong> a las 21 horas,\u00a0que ser\u00e1 el momento en que se dispute el partido.<\/p>\n<p>Cabe se\u00f1alar que el encuentro de <strong>Copa MX<\/strong> que se iba a disputar el d\u00eda de ayer (jueves) entre <span style=\"color: #333399;\"><a style=\"color: #333399;\" href=\"https:\/\/www.futboltotal.com.mx\/2017\/08\/pumas-vs-celaya-suspendido-por-lluvia\/\" target=\"_blank\" rel=\"noopener noreferrer\"><strong>Pumas y Celaya<\/strong>, en la Ciudad de M\u00e9xico se tuvo que suspender <\/a><\/span>por el mismo motivo.<\/p>\n<p style=\"text-align: center;\"><span style=\"color: #333399;\"><a style=\"color: #333399;\" href=\"https:\/\/www.futboltotal.com.mx\/2017\/09\/arturo-vidal-explota-contra-aficionados-chilenos\/\" target=\"_blank\" rel=\"noopener noreferrer\">VER M\u00c1S: Arturo Vidal explota contra aficionados chilenos<\/a><\/span><\/p>\n","protected":false},"excerpt":{"rendered":"<p>El encuentro podr\u00eda suspenderse como el Pumas vs Celaya<\/p>\n","protected":false},"author":20,"featured_media":497560,"comment_status":"closed","ping_status":"closed","sticky":false,"template":"","format":"standard","meta":[],"categories":[5,2198,3847],"tags":[554,65,625,409],"_links":{"self":[{"href":"http:\/\/desarrollo.grupomedios.com\/futbol\/wp-json\/wp\/v2\/posts\/497557"}],"collection":[{"href":"http:\/\/desarrollo.grupomedios.com\/futbol\/wp-json\/wp\/v2\/posts"}],"about":[{"href":"http:\/\/desarrollo.grupomedios.com\/futbol\/wp-json\/wp\/v2\/types\/post"}],"author":[{"embeddable":true,"href":"http:\/\/desarrollo.grupomedios.com\/futbol\/wp-json\/wp\/v2\/users\/20"}],"replies":[{"embeddable":true,"href":"http:\/\/desarrollo.grupomedios.com\/futbol\/wp-json\/wp\/v2\/comments?post=497557"}],"version-history":[{"count":1,"href":"http:\/\/desarrollo.grupomedios.com\/futbol\/wp-json\/wp\/v2\/posts\/497557\/revisions"}],"predecessor-version":[{"id":497563,"href":"http:\/\/desarrollo.grupomedios.com\/futbol\/wp-json\/wp\/v2\/posts\/497557\/revisions\/497563"}],"wp:featuredmedia":[{"embeddable":true,"href":"http:\/\/desarrollo.grupomedios.com\/futbol\/wp-json\/wp\/v2\/media\/497560"}],"wp:attachment":[{"href":"http:\/\/desarrollo.grupomedios.com\/futbol\/wp-json\/wp\/v2\/media?parent=497557"}],"wp:term":[{"taxonomy":"category","embeddable":true,"href":"http:\/\/desarrollo.grupomedios.com\/futbol\/wp-json\/wp\/v2\/categories?post=497557"},{"taxonomy":"post_tag","embeddable":true,"href":"http:\/\/desarrollo.grupomedios.com\/futbol\/wp-json\/wp\/v2\/tags?post=497557"}],"curies":[{"name":"wp","href":"https:\/\/api.w.org\/{rel}","templated":true}]}}