{"id":497586,"date":"2017-09-01T13:08:51","date_gmt":"2017-09-01T18:08:51","guid":{"rendered":"https:\/\/www.futboltotal.com.mx\/?p=497586"},"modified":"2017-09-01T13:08:51","modified_gmt":"2017-09-01T18:08:51","slug":"carlos-salcedo-debuta-eintracht-en-goleada-escandalo","status":"publish","type":"post","link":"http:\/\/desarrollo.grupomedios.com\/futbol\/futbol-internacional\/carlos-salcedo-debuta-eintracht-en-goleada-escandalo\/2017\/09","title":{"rendered":"Carlos Salcedo debuta con el Eintracht en goleada de esc\u00e1ndalo"},"content":{"rendered":"<p>El defensa mexicano, <strong>Carlos Salcedo<\/strong>, hizo su debut con el <strong>Eintracht Frankfurt<\/strong> en el juego ante <strong>SG Treis\/Allendorf<\/strong>, luego de su lesi\u00f3n con la Selecci\u00f3n Mexicana,<\/p>\n<p>El Tit\u00e1n jug\u00f3 como titular en el encuentro que tuvo como protagonista una goleada de esc\u00e1ndalo; 13-0, con \u2018Hat-Trick\u2019 de <strong>Besuschkow<\/strong> y <strong>Sebastien Haller<\/strong>, un\u00a0doblete de <strong>Rebic<\/strong> y los goles de <strong>Boating<\/strong>, <strong>Kamada<\/strong>,<strong> Hrgota<\/strong>, <strong>Stendera<\/strong> y <strong>Da Costa<\/strong>.<\/p>\n<p style=\"text-align: center;\"><span style=\"color: #333399;\"><a style=\"color: #333399;\" href=\"https:\/\/www.futboltotal.com.mx\/2017\/09\/mexico-vs-panama-en-duda-a-eua-ni-la-nieve-lo-detuvo\/\" target=\"_blank\" rel=\"noopener noreferrer\">VER M\u00c1S: \u00bfM\u00e9xico vs Panam\u00e1 en duda? A EUA ni la nieve lo detuvo<\/a><\/span><\/p>\n<p>Salcedo se hab\u00eda alejado de las canchas luego de lesionarse en la <strong>Copa Confederaciones<\/strong> y haber sido intervenido\u00a0quir\u00fargicamente; con su reaparici\u00f3n podr\u00eda ver su debut en la Bundesliga ante el\u00a0<strong>Borussia M\u00f6nchengladbach<\/strong> en la jornada 3 del campeonato.<\/p>\n<blockquote class=\"twitter-tweet\" data-lang=\"es\">\n<p dir=\"ltr\" lang=\"es\">\u00bfEst\u00e1s listo, <a href=\"https:\/\/twitter.com\/Csalcedojr\">@Csalcedojr<\/a>? &#x1f4aa; <a href=\"https:\/\/twitter.com\/hashtag\/SGE?src=hash\">#SGE<\/a> <a href=\"https:\/\/t.co\/MCMOpZnPhG\">pic.twitter.com\/MCMOpZnPhG<\/a><\/p>\n<p>\u2014 eintracht_esp (@eintracht_esp) <a href=\"https:\/\/twitter.com\/eintracht_esp\/status\/903639660735467521\">1 de septiembre de 2017<\/a><\/p><\/blockquote>\n<p><script async src=\"\/\/platform.twitter.com\/widgets.js\" charset=\"utf-8\"><\/script><\/p>\n<p style=\"text-align: center;\"><span style=\"color: #333399;\"><a style=\"color: #333399;\" href=\"https:\/\/www.futboltotal.com.mx\/2017\/09\/gignac-trolleado-supuesto-sobrepeso\/\" target=\"_blank\" rel=\"noopener noreferrer\">VER M\u00c1S: Gignac es trolleado por supuesto sobrepeso<\/a><\/span><\/p>\n","protected":false},"excerpt":{"rendered":"<p>El defensa mexicano reapareci\u00f3 en las canchas<\/p>\n","protected":false},"author":20,"featured_media":497587,"comment_status":"closed","ping_status":"closed","sticky":false,"template":"","format":"standard","meta":[],"categories":[3839],"tags":[119,5531,3588],"_links":{"self":[{"href":"http:\/\/desarrollo.grupomedios.com\/futbol\/wp-json\/wp\/v2\/posts\/497586"}],"collection":[{"href":"http:\/\/desarrollo.grupomedios.com\/futbol\/wp-json\/wp\/v2\/posts"}],"about":[{"href":"http:\/\/desarrollo.grupomedios.com\/futbol\/wp-json\/wp\/v2\/types\/post"}],"author":[{"embeddable":true,"href":"http:\/\/desarrollo.grupomedios.com\/futbol\/wp-json\/wp\/v2\/users\/20"}],"replies":[{"embeddable":true,"href":"http:\/\/desarrollo.grupomedios.com\/futbol\/wp-json\/wp\/v2\/comments?post=497586"}],"version-history":[{"count":1,"href":"http:\/\/desarrollo.grupomedios.com\/futbol\/wp-json\/wp\/v2\/posts\/497586\/revisions"}],"predecessor-version":[{"id":497588,"href":"http:\/\/desarrollo.grupomedios.com\/futbol\/wp-json\/wp\/v2\/posts\/497586\/revisions\/497588"}],"wp:featuredmedia":[{"embeddable":true,"href":"http:\/\/desarrollo.grupomedios.com\/futbol\/wp-json\/wp\/v2\/media\/497587"}],"wp:attachment":[{"href":"http:\/\/desarrollo.grupomedios.com\/futbol\/wp-json\/wp\/v2\/media?parent=497586"}],"wp:term":[{"taxonomy":"category","embeddable":true,"href":"http:\/\/desarrollo.grupomedios.com\/futbol\/wp-json\/wp\/v2\/categories?post=497586"},{"taxonomy":"post_tag","embeddable":true,"href":"http:\/\/desarrollo.grupomedios.com\/futbol\/wp-json\/wp\/v2\/tags?post=497586"}],"curies":[{"name":"wp","href":"https:\/\/api.w.org\/{rel}","templated":true}]}}