{"id":497592,"date":"2017-09-01T14:12:58","date_gmt":"2017-09-01T19:12:58","guid":{"rendered":"https:\/\/www.futboltotal.com.mx\/?p=497592"},"modified":"2017-09-01T14:12:58","modified_gmt":"2017-09-01T19:12:58","slug":"pasara-suspenden-mexico-vs-panama-en-azteca","status":"publish","type":"post","link":"http:\/\/desarrollo.grupomedios.com\/futbol\/futbol-internacional\/pasara-suspenden-mexico-vs-panama-en-azteca\/2017\/09","title":{"rendered":"\u00bfQu\u00e9 pasar\u00e1 si suspenden el M\u00e9xico vs. Panam\u00e1 en el Azteca?"},"content":{"rendered":"<p>La lluvias que han ca\u00eddo en la Ciudad de M\u00e9xico en estos d\u00edas <a href=\"https:\/\/www.futboltotal.com.mx\/2017\/09\/mexico-vs-panama-en-duda-la-cancha-del-azteca-esta-inundada\/\" target=\"_blank\" rel=\"noopener noreferrer\"><span style=\"color: #333399;\">ponen en riesgo que se juegue el partido entre <strong>M\u00e9xico<\/strong> y <strong>Panam\u00e1<\/strong><\/span><\/a> como parte del <strong>Hexagonal Final de Concacaf<\/strong>, en el que el <em><strong>Tri<\/strong><\/em> puede asegurar su calificaci\u00f3n al <strong>Mundial Rusia 2018<\/strong>.<\/p>\n<p>Hasta ahora, la posibilidad de que llueva alrededor de las 20:30 hrs., momento en el que se dispute partido, son del 90%, lo que ha generado la incertidumbre de cara al encuentro, incluso causando que la escuadra paname\u00f1a cancelara el reconocimiento de cancha que ten\u00edan pensado para este viernes alrededor de las 9:00 hrs. tras un retraso para llegar a la CDMX.<\/p>\n<p style=\"text-align: center;\"><a href=\"https:\/\/www.futboltotal.com.mx\/2017\/09\/mexico-vs-panama-en-duda-a-eua-ni-la-nieve-lo-detuvo\/\" target=\"_blank\" rel=\"noopener noreferrer\"><span style=\"color: #333399;\">VER M\u00c1S: \u00bfM\u00e9xico vs. Panam\u00e1 en riesgo? A EUA ni la nieve lo detuvo<\/span><\/a><\/p>\n<p>De momento, los encargados del mantenimiento del <strong>estadio Azteca<\/strong> han tapado el c\u00e9sped con una lona que se quitar\u00e1 hasta que ambos equipos accedan al campo para realizar su calentamiento.<\/p>\n<p>Pese a estas precauciones, las federaciones de <strong>M\u00e9xico<\/strong> y <strong>Panam\u00e1<\/strong> ya analizan todos los escenarios, siendo uno de ellos que el partido no se pueda jugar debido a cuestiones clim\u00e1ticas, lo que obligar\u00eda a reagendar el juego para este s\u00e1bado 2 de septiembre en horario por confirmar.<\/p>\n","protected":false},"excerpt":{"rendered":"<p>Las fuertes lluvias en la Ciudad de M\u00e9xico podr\u00edan afectar el juego del Tri.<\/p>\n","protected":false},"author":20,"featured_media":497593,"comment_status":"closed","ping_status":"closed","sticky":false,"template":"","format":"standard","meta":[],"categories":[3839,3847],"tags":[554,8712,65,1125,625,2232,3718,409],"_links":{"self":[{"href":"http:\/\/desarrollo.grupomedios.com\/futbol\/wp-json\/wp\/v2\/posts\/497592"}],"collection":[{"href":"http:\/\/desarrollo.grupomedios.com\/futbol\/wp-json\/wp\/v2\/posts"}],"about":[{"href":"http:\/\/desarrollo.grupomedios.com\/futbol\/wp-json\/wp\/v2\/types\/post"}],"author":[{"embeddable":true,"href":"http:\/\/desarrollo.grupomedios.com\/futbol\/wp-json\/wp\/v2\/users\/20"}],"replies":[{"embeddable":true,"href":"http:\/\/desarrollo.grupomedios.com\/futbol\/wp-json\/wp\/v2\/comments?post=497592"}],"version-history":[{"count":1,"href":"http:\/\/desarrollo.grupomedios.com\/futbol\/wp-json\/wp\/v2\/posts\/497592\/revisions"}],"predecessor-version":[{"id":497599,"href":"http:\/\/desarrollo.grupomedios.com\/futbol\/wp-json\/wp\/v2\/posts\/497592\/revisions\/497599"}],"wp:featuredmedia":[{"embeddable":true,"href":"http:\/\/desarrollo.grupomedios.com\/futbol\/wp-json\/wp\/v2\/media\/497593"}],"wp:attachment":[{"href":"http:\/\/desarrollo.grupomedios.com\/futbol\/wp-json\/wp\/v2\/media?parent=497592"}],"wp:term":[{"taxonomy":"category","embeddable":true,"href":"http:\/\/desarrollo.grupomedios.com\/futbol\/wp-json\/wp\/v2\/categories?post=497592"},{"taxonomy":"post_tag","embeddable":true,"href":"http:\/\/desarrollo.grupomedios.com\/futbol\/wp-json\/wp\/v2\/tags?post=497592"}],"curies":[{"name":"wp","href":"https:\/\/api.w.org\/{rel}","templated":true}]}}