{"id":497617,"date":"2017-09-01T15:19:55","date_gmt":"2017-09-01T20:19:55","guid":{"rendered":"https:\/\/www.futboltotal.com.mx\/?p=497617"},"modified":"2017-09-01T15:19:55","modified_gmt":"2017-09-01T20:19:55","slug":"muguruza-sigue-en-paso-ascendente-en-us-open","status":"publish","type":"post","link":"http:\/\/desarrollo.grupomedios.com\/futbol\/otros-deportes\/muguruza-sigue-en-paso-ascendente-en-us-open\/2017\/09","title":{"rendered":"Muguruza sigue en paso ascendente en US Open"},"content":{"rendered":"<p>La espa\u00f1ola <strong>Garbi\u00f1e Muguruza<\/strong> logr\u00f3 hoy su pase a los octavos de final del <strong>US Open<\/strong>\u00a0tras vencer en tercera ronda a la eslovaca Magdalena Rybarikova por 6-1 y 6-1, en una hora y dos minutos,<\/p>\n<p>Muguruza, cabeza de serie n\u00famero tres en el \u00faltimo Grand Slam de la temporada, se enfrentar\u00e1 en octavos de final a la checa <strong>Petra Kvitova<\/strong>, quien se impuso previamente a la francesa Caroline Garcia por 6-0 y 6-4.<\/p>\n<p>La espa\u00f1ola va por su tercer campeonato en un torneo de Grand Slam, despu\u00e9s de haber ganado Roland Garros en 2016 y Wimbledon en 2017.<\/p>\n<p style=\"text-align: center;\"><span style=\"color: #333399;\"><a style=\"color: #333399;\" href=\"https:\/\/www.futboltotal.com.mx\/2017\/09\/jimena-sanchez-vero-rodriguez-estrenan-programa-wwe\/\">VER M\u00c1S:\u00a0<span class=\"item-title\">Jimena S\u00e1nchez y Vero Rodr\u00edguez estrenan programa de WWE<\/span><\/a><\/span><\/p>\n","protected":false},"excerpt":{"rendered":"<p>La tenista espa\u00f1ola ya est\u00e1 en octavos de final en Estados Unidos<\/p>\n","protected":false},"author":144,"featured_media":497622,"comment_status":"closed","ping_status":"closed","sticky":false,"template":"","format":"standard","meta":[],"categories":[6411],"tags":[10035,9515],"_links":{"self":[{"href":"http:\/\/desarrollo.grupomedios.com\/futbol\/wp-json\/wp\/v2\/posts\/497617"}],"collection":[{"href":"http:\/\/desarrollo.grupomedios.com\/futbol\/wp-json\/wp\/v2\/posts"}],"about":[{"href":"http:\/\/desarrollo.grupomedios.com\/futbol\/wp-json\/wp\/v2\/types\/post"}],"author":[{"embeddable":true,"href":"http:\/\/desarrollo.grupomedios.com\/futbol\/wp-json\/wp\/v2\/users\/144"}],"replies":[{"embeddable":true,"href":"http:\/\/desarrollo.grupomedios.com\/futbol\/wp-json\/wp\/v2\/comments?post=497617"}],"version-history":[{"count":1,"href":"http:\/\/desarrollo.grupomedios.com\/futbol\/wp-json\/wp\/v2\/posts\/497617\/revisions"}],"predecessor-version":[{"id":497623,"href":"http:\/\/desarrollo.grupomedios.com\/futbol\/wp-json\/wp\/v2\/posts\/497617\/revisions\/497623"}],"wp:featuredmedia":[{"embeddable":true,"href":"http:\/\/desarrollo.grupomedios.com\/futbol\/wp-json\/wp\/v2\/media\/497622"}],"wp:attachment":[{"href":"http:\/\/desarrollo.grupomedios.com\/futbol\/wp-json\/wp\/v2\/media?parent=497617"}],"wp:term":[{"taxonomy":"category","embeddable":true,"href":"http:\/\/desarrollo.grupomedios.com\/futbol\/wp-json\/wp\/v2\/categories?post=497617"},{"taxonomy":"post_tag","embeddable":true,"href":"http:\/\/desarrollo.grupomedios.com\/futbol\/wp-json\/wp\/v2\/tags?post=497617"}],"curies":[{"name":"wp","href":"https:\/\/api.w.org\/{rel}","templated":true}]}}