{"id":497631,"date":"2017-09-01T15:51:19","date_gmt":"2017-09-01T20:51:19","guid":{"rendered":"https:\/\/www.futboltotal.com.mx\/?p=497631"},"modified":"2017-09-01T15:51:19","modified_gmt":"2017-09-01T20:51:19","slug":"jugador-del-chelsea-trollea-a-gerard-pique","status":"publish","type":"post","link":"http:\/\/desarrollo.grupomedios.com\/futbol\/cambio-de-juego\/jugador-del-chelsea-trollea-a-gerard-pique\/2017\/09","title":{"rendered":"Jugador del Chelsea trollea a Gerard Piqu\u00e9"},"content":{"rendered":"<p>El guardameta del <strong>Chelsea<\/strong>,\u00a0<strong>Thibaut Courtois<\/strong>\u200f no perdi\u00f3 la oportunidad de burlarse del defensa espa\u00f1ol, <strong>Gerard Piqu\u00e9<\/strong>.<\/p>\n<p>A trav\u00e9s de su cuenta de Twitter, el guardameta belga poste\u00f3 una fotograf\u00eda con <strong>Diego Costa<\/strong> junto a la frase; <strong>&#8220;Se queda&#8221;<\/strong>, que se hiciera famosa gracias a Piqu\u00e9.<\/p>\n<blockquote class=\"twitter-tweet\" data-lang=\"es\">\n<p dir=\"ltr\" lang=\"es\">SE QUEDA&#x1f602;&#x1f602;&#x1f602; <a href=\"https:\/\/twitter.com\/diegocosta\">@diegocosta<\/a> <a href=\"https:\/\/t.co\/8vo9qCkk9g\">pic.twitter.com\/8vo9qCkk9g<\/a><\/p>\n<p>\u2014 Thibaut Courtois (@thibautcourtois) <a href=\"https:\/\/twitter.com\/thibautcourtois\/status\/903719190842007552\">1 de septiembre de 2017<\/a><\/p><\/blockquote>\n<p><script async src=\"\/\/platform.twitter.com\/widgets.js\" charset=\"utf-8\"><\/script><\/p>\n<p style=\"text-align: center;\"><span style=\"color: #333399;\"><a style=\"color: #333399;\" href=\"https:\/\/www.futboltotal.com.mx\/2017\/09\/elbalonazo-la-bella-elba-jimenez-le-tira-tri-osorio\/\" target=\"_blank\" rel=\"noopener noreferrer\">VER M\u00c1S: ELBALONAZO: La bella Elba Jim\u00e9nez le tira al Tri de Osorio<\/a><\/span><\/p>\n<p>Antes de la partida de<strong> Neymar<\/strong>, Gerard Piqu\u00e9 se tom\u00f3 una fotograf\u00eda con el brasile\u00f1o y escribi\u00f3 la misma frase, unas semanas despu\u00e9s &#8216;Ney&#8217; se march\u00f3 al <strong>PSG<\/strong>.<\/p>\n<p><a href=\"https:\/\/www.futboltotal.com.mx\/wp-content\/uploads\/2017\/08\/se-queda.jpg\"><img decoding=\"async\" loading=\"lazy\" class=\"alignnone size-full wp-image-493360\" src=\"https:\/\/www.futboltotal.com.mx\/wp-content\/uploads\/2017\/08\/se-queda.jpg\" alt=\"Jugador del Chelsea trollea a Gerard Piqu\u00e9 0\" srcset=\"http:\/\/desarrollo.grupomedios.com\/futbol\/wp-content\/uploads\/2017\/08\/se-queda.jpg 875w, http:\/\/desarrollo.grupomedios.com\/futbol\/wp-content\/uploads\/2017\/08\/se-queda-219x300.jpg 219w, http:\/\/desarrollo.grupomedios.com\/futbol\/wp-content\/uploads\/2017\/08\/se-queda-768x1053.jpg 768w, http:\/\/desarrollo.grupomedios.com\/futbol\/wp-content\/uploads\/2017\/08\/se-queda-747x1024.jpg 747w\" sizes=\"(max-width: 875px) 100vw, 875px\" \/><\/a><\/p>\n<p><strong>Diego Costa<\/strong> por su parte, se habl\u00f3 demasiado de una salida al Atl\u00e9tico de Madrid, sin embargo no se lleg\u00f3 a ning\u00fan acuerdo y <strong>Chelsea<\/strong> lo ha metido en la lista de la plantilla.<\/p>\n<p style=\"text-align: center;\"><span style=\"color: #333399;\"><a style=\"color: #333399;\" href=\"https:\/\/www.futboltotal.com.mx\/2017\/09\/bombazo-necaxa-ficha-al-chileno-matias-fernandez\/\" target=\"_blank\" rel=\"noopener noreferrer\">VER M\u00c1S: Necaxa sorprende con fichaje bomba chileno<\/a><\/span><\/p>\n","protected":false},"excerpt":{"rendered":"<p>El espa\u00f1ol no se ha podido librar de las burlas<\/p>\n","protected":false},"author":20,"featured_media":435661,"comment_status":"closed","ping_status":"closed","sticky":false,"template":"","format":"standard","meta":[],"categories":[5419],"tags":[5981,3205,6015,6001,6069],"_links":{"self":[{"href":"http:\/\/desarrollo.grupomedios.com\/futbol\/wp-json\/wp\/v2\/posts\/497631"}],"collection":[{"href":"http:\/\/desarrollo.grupomedios.com\/futbol\/wp-json\/wp\/v2\/posts"}],"about":[{"href":"http:\/\/desarrollo.grupomedios.com\/futbol\/wp-json\/wp\/v2\/types\/post"}],"author":[{"embeddable":true,"href":"http:\/\/desarrollo.grupomedios.com\/futbol\/wp-json\/wp\/v2\/users\/20"}],"replies":[{"embeddable":true,"href":"http:\/\/desarrollo.grupomedios.com\/futbol\/wp-json\/wp\/v2\/comments?post=497631"}],"version-history":[{"count":1,"href":"http:\/\/desarrollo.grupomedios.com\/futbol\/wp-json\/wp\/v2\/posts\/497631\/revisions"}],"predecessor-version":[{"id":497637,"href":"http:\/\/desarrollo.grupomedios.com\/futbol\/wp-json\/wp\/v2\/posts\/497631\/revisions\/497637"}],"wp:featuredmedia":[{"embeddable":true,"href":"http:\/\/desarrollo.grupomedios.com\/futbol\/wp-json\/wp\/v2\/media\/435661"}],"wp:attachment":[{"href":"http:\/\/desarrollo.grupomedios.com\/futbol\/wp-json\/wp\/v2\/media?parent=497631"}],"wp:term":[{"taxonomy":"category","embeddable":true,"href":"http:\/\/desarrollo.grupomedios.com\/futbol\/wp-json\/wp\/v2\/categories?post=497631"},{"taxonomy":"post_tag","embeddable":true,"href":"http:\/\/desarrollo.grupomedios.com\/futbol\/wp-json\/wp\/v2\/tags?post=497631"}],"curies":[{"name":"wp","href":"https:\/\/api.w.org\/{rel}","templated":true}]}}