{"id":497662,"date":"2017-09-01T18:31:13","date_gmt":"2017-09-01T23:31:13","guid":{"rendered":"https:\/\/www.futboltotal.com.mx\/?p=497662"},"modified":"2017-09-01T18:31:13","modified_gmt":"2017-09-01T23:31:13","slug":"iriarte-acepta-fiche-en-draft-transferencias","status":"publish","type":"post","link":"http:\/\/desarrollo.grupomedios.com\/futbol\/futbol-mexicano\/iriarte-acepta-fiche-en-draft-transferencias\/2017\/09","title":{"rendered":"Iriarte acepta: no fich\u00e9 en el Draft de Transferencias"},"content":{"rendered":"<p>El portero <strong>Guillermo Iriarte<\/strong> acept\u00f3 que su fichaje con el <strong>FC Ju\u00e1rez<\/strong> no se dio durante el <strong>Draft de Transferencias<\/strong>.<\/p>\n<p>En una entrevista telef\u00f3nica al medio En L\u00ednea Deportiva de Puebla, el arquero acept\u00f3 que su fichaje no se dio durante el mercado de traspasos del verano, dado el 8 de junio.<\/p>\n<p>Iriarte confes\u00f3 que su llegada a la escuadra fronteriza no fue precisamente durante el Draft, sino que habl\u00f3 con gente de la Comisi\u00f3n del Jugador y un personaje de la Liga Mx.<\/p>\n<p><iframe loading=\"lazy\" style=\"border: none; overflow: hidden;\" src=\"https:\/\/www.facebook.com\/plugins\/video.php?href=https%3A%2F%2Fwww.facebook.com%2Fpepe.hanan%2Fvideos%2F1500895869969793%2F&amp;show_text=0&amp;width=560\" frameborder=\"0\" scrolling=\"no\" allowfullscreen=\"allowfullscreen\"><\/iframe><\/p>\n<p>Las palabras del jugador vendr\u00edan a contraponerse con la versi\u00f3n que dio el <strong>Ascenso MX<\/strong>, en donde el comunicado que emiti\u00f3 dec\u00eda que el futbolista fue traspasado en tiempo y forma.<\/p>\n","protected":false},"excerpt":{"rendered":"<p>El arquero acepta que tuvo que acudir con diferentes instancias para poder jugar<\/p>\n","protected":false},"author":20,"featured_media":497663,"comment_status":"closed","ping_status":"closed","sticky":false,"template":"","format":"standard","meta":[],"categories":[2198,3845],"tags":[6558,10009],"_links":{"self":[{"href":"http:\/\/desarrollo.grupomedios.com\/futbol\/wp-json\/wp\/v2\/posts\/497662"}],"collection":[{"href":"http:\/\/desarrollo.grupomedios.com\/futbol\/wp-json\/wp\/v2\/posts"}],"about":[{"href":"http:\/\/desarrollo.grupomedios.com\/futbol\/wp-json\/wp\/v2\/types\/post"}],"author":[{"embeddable":true,"href":"http:\/\/desarrollo.grupomedios.com\/futbol\/wp-json\/wp\/v2\/users\/20"}],"replies":[{"embeddable":true,"href":"http:\/\/desarrollo.grupomedios.com\/futbol\/wp-json\/wp\/v2\/comments?post=497662"}],"version-history":[{"count":1,"href":"http:\/\/desarrollo.grupomedios.com\/futbol\/wp-json\/wp\/v2\/posts\/497662\/revisions"}],"predecessor-version":[{"id":497664,"href":"http:\/\/desarrollo.grupomedios.com\/futbol\/wp-json\/wp\/v2\/posts\/497662\/revisions\/497664"}],"wp:featuredmedia":[{"embeddable":true,"href":"http:\/\/desarrollo.grupomedios.com\/futbol\/wp-json\/wp\/v2\/media\/497663"}],"wp:attachment":[{"href":"http:\/\/desarrollo.grupomedios.com\/futbol\/wp-json\/wp\/v2\/media?parent=497662"}],"wp:term":[{"taxonomy":"category","embeddable":true,"href":"http:\/\/desarrollo.grupomedios.com\/futbol\/wp-json\/wp\/v2\/categories?post=497662"},{"taxonomy":"post_tag","embeddable":true,"href":"http:\/\/desarrollo.grupomedios.com\/futbol\/wp-json\/wp\/v2\/tags?post=497662"}],"curies":[{"name":"wp","href":"https:\/\/api.w.org\/{rel}","templated":true}]}}