{"id":497733,"date":"2017-09-01T23:24:53","date_gmt":"2017-09-02T04:24:53","guid":{"rendered":"https:\/\/www.futboltotal.com.mx\/?p=497733"},"modified":"2017-09-01T23:24:53","modified_gmt":"2017-09-02T04:24:53","slug":"rafa-marquez-hombre-falto-en-la-fiesta","status":"publish","type":"post","link":"http:\/\/desarrollo.grupomedios.com\/futbol\/destacado-home\/rafa-marquez-hombre-falto-en-la-fiesta\/2017\/09","title":{"rendered":"Rafa M\u00e1rquez, el hombre que falt\u00f3 en la fiesta"},"content":{"rendered":"<p>No todo era fiesta en el Azteca. Un hombre faltaba ah\u00ed. <strong>Rafael M\u00e1rquez<\/strong> tuvo que seguir a lo lejos el juego de M\u00e9xico contra Panam\u00e1 que le dio el pase a la escuadra azteca al <strong>Mundial de Rusia 2018<\/strong>.<\/p>\n<p>M\u00e1rquez enfrenta problemas con la ley norteamericana por supuestos nexos con el narcotr\u00e1fico, por lo que no puede jugar un partido de futbol.<\/p>\n<p>A lo lejos, Rafa M\u00e1rquez tuvo la oportunidad de publicar una imagen donde apoya totalmente al Tricolor, pero deja ver que le gustar\u00eda estar en la cancha, con ellos.<\/p>\n<blockquote class=\"twitter-tweet\" data-partner=\"tweetdeck\">\n<p dir=\"ltr\" lang=\"es\">Ahora me toca apoyar a <a href=\"https:\/\/twitter.com\/miseleccionmx\">@miseleccionmx<\/a> como un mexicano m\u00e1s!! en compa\u00f1\u00eda de mi querida familia!! <a href=\"https:\/\/twitter.com\/hashtag\/vamosmexico?src=hash\">#vamosmexico<\/a> <a href=\"https:\/\/twitter.com\/hashtag\/4ctitud?src=hash\">#4ctitud<\/a> <a href=\"https:\/\/t.co\/xbVKcr3x92\">pic.twitter.com\/xbVKcr3x92<\/a><\/p>\n<p>\u2014 Rafa Marquez (@RafaMarquezMX) <a href=\"https:\/\/twitter.com\/RafaMarquezMX\/status\/903794134200098816\">September 2, 2017<\/a><\/p><\/blockquote>\n<p><script async src=\"\/\/platform.twitter.com\/widgets.js\" charset=\"utf-8\"><\/script><\/p>\n","protected":false},"excerpt":{"rendered":"<p>El &#8216;K\u00e1iser&#8217; michoacano fue el gran ausente de la fiesta tricolor<\/p>\n","protected":false},"author":20,"featured_media":497734,"comment_status":"closed","ping_status":"closed","sticky":false,"template":"","format":"standard","meta":[],"categories":[5,2198,3847],"tags":[65,625,4358],"_links":{"self":[{"href":"http:\/\/desarrollo.grupomedios.com\/futbol\/wp-json\/wp\/v2\/posts\/497733"}],"collection":[{"href":"http:\/\/desarrollo.grupomedios.com\/futbol\/wp-json\/wp\/v2\/posts"}],"about":[{"href":"http:\/\/desarrollo.grupomedios.com\/futbol\/wp-json\/wp\/v2\/types\/post"}],"author":[{"embeddable":true,"href":"http:\/\/desarrollo.grupomedios.com\/futbol\/wp-json\/wp\/v2\/users\/20"}],"replies":[{"embeddable":true,"href":"http:\/\/desarrollo.grupomedios.com\/futbol\/wp-json\/wp\/v2\/comments?post=497733"}],"version-history":[{"count":1,"href":"http:\/\/desarrollo.grupomedios.com\/futbol\/wp-json\/wp\/v2\/posts\/497733\/revisions"}],"predecessor-version":[{"id":497735,"href":"http:\/\/desarrollo.grupomedios.com\/futbol\/wp-json\/wp\/v2\/posts\/497733\/revisions\/497735"}],"wp:featuredmedia":[{"embeddable":true,"href":"http:\/\/desarrollo.grupomedios.com\/futbol\/wp-json\/wp\/v2\/media\/497734"}],"wp:attachment":[{"href":"http:\/\/desarrollo.grupomedios.com\/futbol\/wp-json\/wp\/v2\/media?parent=497733"}],"wp:term":[{"taxonomy":"category","embeddable":true,"href":"http:\/\/desarrollo.grupomedios.com\/futbol\/wp-json\/wp\/v2\/categories?post=497733"},{"taxonomy":"post_tag","embeddable":true,"href":"http:\/\/desarrollo.grupomedios.com\/futbol\/wp-json\/wp\/v2\/tags?post=497733"}],"curies":[{"name":"wp","href":"https:\/\/api.w.org\/{rel}","templated":true}]}}