{"id":497743,"date":"2017-09-02T09:22:40","date_gmt":"2017-09-02T14:22:40","guid":{"rendered":"https:\/\/www.futboltotal.com.mx\/?p=497743"},"modified":"2017-09-02T09:22:40","modified_gmt":"2017-09-02T14:22:40","slug":"liverpool-pedia-200-mde-coutinho","status":"publish","type":"post","link":"http:\/\/desarrollo.grupomedios.com\/futbol\/futbol-internacional\/liverpool-pedia-200-mde-coutinho\/2017\/09","title":{"rendered":"Liverpool ped\u00eda 200 mde por Coutinho"},"content":{"rendered":"<p><strong>Liverpool<\/strong> pidi\u00f3 <strong>200 millones de euros<\/strong> por <strong>Coutinho<\/strong> en las \u00faltimas horas del mercado de fichajes, el brasile\u00f1o era pretendido por el Barcelona.<\/p>\n<blockquote><p>&#8220;A \u00faltima hora, despu\u00e9s de semanas de ofertas y negociaci\u00f3n, el Liverpool nos pidi\u00f3 200 millones de euros por\u00a0<strong>Coutinho\u00a0<\/strong>y decidimos no hacer la operaci\u00f3n&#8221;, asegur\u00f3<strong>Albert Soler,<\/strong>\u00a0director de deportes profesionales del Barcelona.<\/p><\/blockquote>\n<p style=\"text-align: center;\"><span style=\"color: #333399;\"><a style=\"color: #333399;\" href=\"https:\/\/www.futboltotal.com.mx\/2017\/09\/hijo-de-madonna-de-11-anos-ficha-con-el-benfica\/\" target=\"_blank\" rel=\"noopener noreferrer\">VER M\u00c1S: Hijo de Madonna ficha por el Benfica<\/a><\/span><\/p>\n<p>El directivo asegur\u00f3 que el mercado de fichajes est\u00e1 sufriendo una gran inflaci\u00f3n y que se ha llenado de fondos de inversi\u00f3n como sus grandes protagonistas.<\/p>\n<p>&#8220;Lo que ha pasado en el mercado de este a\u00f1o nos lleva a las puertas de un modelo totalmente diferente. Los clubes tradicionales \u00e9ramos los que lideramos este proceso, pero ya no, ahora los principales actores son los pa\u00edses, los fondos de inversi\u00f3n y los multimillonarios&#8221;, dijo Soler.<\/p>\n<p>Por otro lado, tranquiliz\u00f3 a lo blaugranas sobre el futuro de<strong> Lionel Messi<\/strong>.<\/p>\n<blockquote><p>&#8220;Cuando anunciamos un acuerdo (renovaci\u00f3n de Messi) es que est\u00e1 validado por las dos partes, no nos tiramos a la piscina. Significa que hay acuerdo entre las dos partes y estamos pendientes de protocolizar la validaci\u00f3n. No hay ning\u00fan problema. La firma se producir\u00e1 en breve, si no se ha hecho antes ha sido porque ha habido giras y partidos de selecciones&#8221;, finaliz\u00f3.<\/p><\/blockquote>\n<p style=\"text-align: center;\"><span style=\"color: #333399;\"><a style=\"color: #333399;\" href=\"https:\/\/www.futboltotal.com.mx\/2017\/09\/en-los-memes-mexico-camina-al-mundial-rusia-2018\/\" target=\"_blank\" rel=\"noopener noreferrer\">VER M\u00c1S: Los memes de M\u00e9xico a Rusia 2018<\/a><\/span><\/p>\n","protected":false},"excerpt":{"rendered":"<p>El brasile\u00f1o no pudo llegar con los blaugranas<\/p>\n","protected":false},"author":20,"featured_media":445133,"comment_status":"closed","ping_status":"closed","sticky":false,"template":"","format":"standard","meta":[],"categories":[3839],"tags":[5984,2616,5989],"_links":{"self":[{"href":"http:\/\/desarrollo.grupomedios.com\/futbol\/wp-json\/wp\/v2\/posts\/497743"}],"collection":[{"href":"http:\/\/desarrollo.grupomedios.com\/futbol\/wp-json\/wp\/v2\/posts"}],"about":[{"href":"http:\/\/desarrollo.grupomedios.com\/futbol\/wp-json\/wp\/v2\/types\/post"}],"author":[{"embeddable":true,"href":"http:\/\/desarrollo.grupomedios.com\/futbol\/wp-json\/wp\/v2\/users\/20"}],"replies":[{"embeddable":true,"href":"http:\/\/desarrollo.grupomedios.com\/futbol\/wp-json\/wp\/v2\/comments?post=497743"}],"version-history":[{"count":1,"href":"http:\/\/desarrollo.grupomedios.com\/futbol\/wp-json\/wp\/v2\/posts\/497743\/revisions"}],"predecessor-version":[{"id":497746,"href":"http:\/\/desarrollo.grupomedios.com\/futbol\/wp-json\/wp\/v2\/posts\/497743\/revisions\/497746"}],"wp:featuredmedia":[{"embeddable":true,"href":"http:\/\/desarrollo.grupomedios.com\/futbol\/wp-json\/wp\/v2\/media\/445133"}],"wp:attachment":[{"href":"http:\/\/desarrollo.grupomedios.com\/futbol\/wp-json\/wp\/v2\/media?parent=497743"}],"wp:term":[{"taxonomy":"category","embeddable":true,"href":"http:\/\/desarrollo.grupomedios.com\/futbol\/wp-json\/wp\/v2\/categories?post=497743"},{"taxonomy":"post_tag","embeddable":true,"href":"http:\/\/desarrollo.grupomedios.com\/futbol\/wp-json\/wp\/v2\/tags?post=497743"}],"curies":[{"name":"wp","href":"https:\/\/api.w.org\/{rel}","templated":true}]}}