{"id":497747,"date":"2017-09-02T09:35:51","date_gmt":"2017-09-02T14:35:51","guid":{"rendered":"https:\/\/www.futboltotal.com.mx\/?p=497747"},"modified":"2017-09-02T09:35:51","modified_gmt":"2017-09-02T14:35:51","slug":"araujo-ante-costa-rica-acumulacion-tarjetas","status":"publish","type":"post","link":"http:\/\/desarrollo.grupomedios.com\/futbol\/futbol-mexicano\/araujo-ante-costa-rica-acumulacion-tarjetas\/2017\/09","title":{"rendered":"Araujo, fuera ante Costa Rica por acumulaci\u00f3n de tarjetas"},"content":{"rendered":"<p><strong>Nestor Araujo<\/strong> se perder\u00e1 el duelo ante <strong>Costa Rica<\/strong> el pr\u00f3ximo martes ya que tiene acumulaci\u00f3n de tarjetas amarillas con el Tri.<\/p>\n<p>Al minuto 76 del duelo ante <strong>Panam\u00e1<\/strong>, el defensa central de Santos vio la tarjeta amarilla, es la segunda que ve en juegos de eliminatoria y esto es lo que lo privar\u00e1 de jugar con la <strong>Selecci\u00f3n Mexicana<\/strong> ante Costa Rica.<\/p>\n<p style=\"text-align: center;\"><span style=\"color: #333399;\"><a style=\"color: #333399;\" href=\"https:\/\/www.futboltotal.com.mx\/2017\/09\/hijo-de-madonna-de-11-anos-ficha-con-el-benfica\/\" target=\"_blank\" rel=\"noopener noreferrer\">VER M\u00c1S: Hijo de Madonna ficha por el Benfica<\/a><\/span><\/p>\n<p>El otro cart\u00f3n amarillo lo recibi\u00f3 en la fase previa al hexagonal final, en un duelo ante <strong>Canad\u00e1<\/strong> disputado en el Estadio Azteca.<\/p>\n<p>El Tri\u00a0<strong>\u00a0<\/strong>enfrentar\u00e1 a\u00a0<strong>Costa Rica<\/strong>\u00a0el pr\u00f3ximo martes 5 de septiembre a las\u00a0 21:00hrs ya con el boleto a la\u00a0<strong>Copa del Mundo de Rusia 2018\u00a0<\/strong>en mano.<\/p>\n<p style=\"text-align: center;\"><span style=\"color: #333399;\"><a style=\"color: #333399;\" href=\"https:\/\/www.futboltotal.com.mx\/2017\/09\/liverpool-pedia-200-mde-coutinho\/\" target=\"_blank\" rel=\"noopener noreferrer\">VER M\u00c1S: Lo que ped\u00eda Liverpool por Coutinho<\/a><\/span><\/p>\n","protected":false},"excerpt":{"rendered":"<p>El defensa central no ver\u00e1 acci\u00f3n ante Costa Rica<\/p>\n","protected":false},"author":20,"featured_media":497167,"comment_status":"closed","ping_status":"closed","sticky":false,"template":"","format":"standard","meta":[],"categories":[2198,3847],"tags":[213,65,1972,2232,409],"_links":{"self":[{"href":"http:\/\/desarrollo.grupomedios.com\/futbol\/wp-json\/wp\/v2\/posts\/497747"}],"collection":[{"href":"http:\/\/desarrollo.grupomedios.com\/futbol\/wp-json\/wp\/v2\/posts"}],"about":[{"href":"http:\/\/desarrollo.grupomedios.com\/futbol\/wp-json\/wp\/v2\/types\/post"}],"author":[{"embeddable":true,"href":"http:\/\/desarrollo.grupomedios.com\/futbol\/wp-json\/wp\/v2\/users\/20"}],"replies":[{"embeddable":true,"href":"http:\/\/desarrollo.grupomedios.com\/futbol\/wp-json\/wp\/v2\/comments?post=497747"}],"version-history":[{"count":1,"href":"http:\/\/desarrollo.grupomedios.com\/futbol\/wp-json\/wp\/v2\/posts\/497747\/revisions"}],"predecessor-version":[{"id":497748,"href":"http:\/\/desarrollo.grupomedios.com\/futbol\/wp-json\/wp\/v2\/posts\/497747\/revisions\/497748"}],"wp:featuredmedia":[{"embeddable":true,"href":"http:\/\/desarrollo.grupomedios.com\/futbol\/wp-json\/wp\/v2\/media\/497167"}],"wp:attachment":[{"href":"http:\/\/desarrollo.grupomedios.com\/futbol\/wp-json\/wp\/v2\/media?parent=497747"}],"wp:term":[{"taxonomy":"category","embeddable":true,"href":"http:\/\/desarrollo.grupomedios.com\/futbol\/wp-json\/wp\/v2\/categories?post=497747"},{"taxonomy":"post_tag","embeddable":true,"href":"http:\/\/desarrollo.grupomedios.com\/futbol\/wp-json\/wp\/v2\/tags?post=497747"}],"curies":[{"name":"wp","href":"https:\/\/api.w.org\/{rel}","templated":true}]}}