{"id":497780,"date":"2017-09-02T14:29:18","date_gmt":"2017-09-02T19:29:18","guid":{"rendered":"https:\/\/www.futboltotal.com.mx\/?p=497780"},"modified":"2017-09-02T14:29:18","modified_gmt":"2017-09-02T19:29:18","slug":"jugador-del-uruguay-argentina-literalmente-nada","status":"publish","type":"post","link":"http:\/\/desarrollo.grupomedios.com\/futbol\/futbol-internacional\/jugador-del-uruguay-argentina-literalmente-nada\/2017\/09","title":{"rendered":"El jugador del Uruguay-Argentina que literalmente no hizo nada"},"content":{"rendered":"<p>En el encuentro que empataron <strong>Uruguay y Argentina<\/strong>, hubo un futbolista que literalmente no hizo nada, no tuvo ninguna estad\u00edstica&#8230; \u00a1Ni siquiera toc\u00f3 la pelota!<\/p>\n<p>El defensor<strong> Math\u00edas Corujo<\/strong> que sustituy\u00f3 a <strong>\u00c1lvaro Gonz\u00e1lez<\/strong> al minuto 68 no pudo hacer nada, as\u00ed lo indican las estad\u00edsticas de <strong>@OptaJavier<\/strong>.<\/p>\n<p style=\"text-align: center;\"><span style=\"color: #333399;\"><a style=\"color: #333399;\" href=\"https:\/\/www.futboltotal.com.mx\/2017\/09\/los-5-clasificados-a-rusia-2018-momento\/\" target=\"_blank\" rel=\"noopener noreferrer\">VER M\u00c1S: Los 5 clasificados a Rusia 2018 por el momento<\/a><\/span><\/p>\n<p style=\"text-align: center;\"><a href=\"https:\/\/www.futboltotal.com.mx\/wp-content\/uploads\/2017\/09\/corujo-estadistica.jpg\"><img decoding=\"async\" loading=\"lazy\" class=\"alignnone size-full wp-image-497785\" src=\"https:\/\/www.futboltotal.com.mx\/wp-content\/uploads\/2017\/09\/corujo-estadistica.jpg\" alt=\"El jugador del Uruguay-Argentina que literalmente no hizo nada 0\" srcset=\"http:\/\/desarrollo.grupomedios.com\/futbol\/wp-content\/uploads\/2017\/09\/corujo-estadistica.jpg 491w, http:\/\/desarrollo.grupomedios.com\/futbol\/wp-content\/uploads\/2017\/09\/corujo-estadistica-300x233.jpg 300w\" sizes=\"(max-width: 491px) 100vw, 491px\" \/><\/a><\/p>\n<p>El futbolista de <strong>Pe\u00f1arol<\/strong> antr\u00f3 con la encomienda de no dejar hacer nada a <strong>Messi<\/strong>, pero solo estuvo marcando y no particip\u00f3 del juego en ning\u00fan momento.<\/p>\n<p style=\"text-align: center;\"><span style=\"color: #333399;\"><a style=\"color: #333399;\" href=\"https:\/\/www.futboltotal.com.mx\/2017\/09\/kenti-robles-marca-gol-atletico-madrid\/\" target=\"_blank\" rel=\"noopener noreferrer\">VER M\u00c1S: Kenti Robles marca gol con el Atl\u00e9tico de Madrid<\/a><\/span><\/p>\n<p>&nbsp;<\/p>\n<p>&nbsp;<\/p>\n","protected":false},"excerpt":{"rendered":"<p>El mediocampista no aport\u00f3 ninguna estad\u00edstica <\/p>\n","protected":false},"author":20,"featured_media":497786,"comment_status":"closed","ping_status":"closed","sticky":false,"template":"","format":"standard","meta":[],"categories":[5419,3839],"tags":[3900,5996,10046,2232,503],"_links":{"self":[{"href":"http:\/\/desarrollo.grupomedios.com\/futbol\/wp-json\/wp\/v2\/posts\/497780"}],"collection":[{"href":"http:\/\/desarrollo.grupomedios.com\/futbol\/wp-json\/wp\/v2\/posts"}],"about":[{"href":"http:\/\/desarrollo.grupomedios.com\/futbol\/wp-json\/wp\/v2\/types\/post"}],"author":[{"embeddable":true,"href":"http:\/\/desarrollo.grupomedios.com\/futbol\/wp-json\/wp\/v2\/users\/20"}],"replies":[{"embeddable":true,"href":"http:\/\/desarrollo.grupomedios.com\/futbol\/wp-json\/wp\/v2\/comments?post=497780"}],"version-history":[{"count":1,"href":"http:\/\/desarrollo.grupomedios.com\/futbol\/wp-json\/wp\/v2\/posts\/497780\/revisions"}],"predecessor-version":[{"id":497789,"href":"http:\/\/desarrollo.grupomedios.com\/futbol\/wp-json\/wp\/v2\/posts\/497780\/revisions\/497789"}],"wp:featuredmedia":[{"embeddable":true,"href":"http:\/\/desarrollo.grupomedios.com\/futbol\/wp-json\/wp\/v2\/media\/497786"}],"wp:attachment":[{"href":"http:\/\/desarrollo.grupomedios.com\/futbol\/wp-json\/wp\/v2\/media?parent=497780"}],"wp:term":[{"taxonomy":"category","embeddable":true,"href":"http:\/\/desarrollo.grupomedios.com\/futbol\/wp-json\/wp\/v2\/categories?post=497780"},{"taxonomy":"post_tag","embeddable":true,"href":"http:\/\/desarrollo.grupomedios.com\/futbol\/wp-json\/wp\/v2\/tags?post=497780"}],"curies":[{"name":"wp","href":"https:\/\/api.w.org\/{rel}","templated":true}]}}