{"id":497784,"date":"2017-09-02T14:28:44","date_gmt":"2017-09-02T19:28:44","guid":{"rendered":"https:\/\/www.futboltotal.com.mx\/?p=497784"},"modified":"2017-09-02T14:28:44","modified_gmt":"2017-09-02T19:28:44","slug":"jugador-pumas-se-toma-selfie-arturo-vidal","status":"publish","type":"post","link":"http:\/\/desarrollo.grupomedios.com\/futbol\/futbol-mexicano\/jugador-pumas-se-toma-selfie-arturo-vidal\/2017\/09","title":{"rendered":"Jugador de Pumas se toma &#8216;selfie&#8217; con Arturo Vidal"},"content":{"rendered":"<p>En la concentraci\u00f3n de Chile, Arturo Vidal se ha visto envuelto en una serie de pol\u00e9micas tras el mal resultado que se dio el pasado jueves cuando la &#8216;Roja&#8217; cay\u00f3 en casa por 3-0 ante Paraguay.<\/p>\n<p>Sin embargo, sus compa\u00f1eros de selecci\u00f3n le han mostrado su apoyo, y uno de ellos, es el futbolista de los Pumas de la UNAM, Marcelo D\u00edaz.<\/p>\n<p>El &#8216;Chelo&#8217; public\u00f3 una imagen en la cual aparece con el &#8216;Rey Arturo&#8217; tom\u00e1ndose una &#8216;selfie&#8217;, durante la concentraci\u00f3n del equipo andino.<\/p>\n<blockquote class=\"instagram-media\" style=\"background: #FFF; border: 0; border-radius: 3px; box-shadow: 0 0 1px 0 rgba(0,0,0,0.5),0 1px 10px 0 rgba(0,0,0,0.15); margin: 1px; max-width: 658px; padding: 0; width: calc(100% - 2px);\" data-instgrm-captioned=\"\" data-instgrm-version=\"7\">\n<div style=\"padding: 8px;\">\n<div style=\"background: #F8F8F8; line-height: 0; margin-top: 40px; padding: 50.0% 0; text-align: center; width: 100%;\"><\/div>\n<p style=\"margin: 8px 0 0 0; padding: 0 4px;\"><a style=\"color: #000; font-family: Arial,sans-serif; font-size: 14px; font-style: normal; font-weight: normal; line-height: 17px; text-decoration: none; word-wrap: break-word;\" href=\"https:\/\/www.instagram.com\/p\/BYjBiYlFtOq\/\" target=\"_blank\" rel=\"noopener noreferrer\">Con el rey @kingarturo23oficial hasta la muerte! Ya estamos en calama para preparar esta dura batalla que tenemos el martes. Dios est\u00e1 con nosotros! Vamos Chile mierda &#x1f1e8;&#x1f1f1;\u26bd\ufe0f<\/a><\/p>\n<p style=\"color: #c9c8cd; font-family: Arial,sans-serif; font-size: 14px; line-height: 17px; margin-bottom: 0; margin-top: 8px; overflow: hidden; padding: 8px 0 7px; text-align: center; text-overflow: ellipsis; white-space: nowrap;\">Una publicaci\u00f3n compartida de Marcelo Diaz (@chelodiaz_21) el <time style=\"font-family: Arial,sans-serif; font-size: 14px; line-height: 17px;\" datetime=\"2017-09-02T17:36:33+00:00\">2 de Sep de 2017 a la(s) 10:36 PDT<\/time><\/p>\n<\/div>\n<\/blockquote>\n<p><script async defer src=\"\/\/platform.instagram.com\/en_US\/embeds.js\"><\/script><\/p>\n","protected":false},"excerpt":{"rendered":"<p>El futbolista chileno es uno de los mejores amigos del &#8216;Rey Arturo&#8217;<\/p>\n","protected":false},"author":20,"featured_media":497787,"comment_status":"closed","ping_status":"closed","sticky":false,"template":"","format":"standard","meta":[],"categories":[7566,3839,2198,3845],"tags":[2962,406,9271,74],"_links":{"self":[{"href":"http:\/\/desarrollo.grupomedios.com\/futbol\/wp-json\/wp\/v2\/posts\/497784"}],"collection":[{"href":"http:\/\/desarrollo.grupomedios.com\/futbol\/wp-json\/wp\/v2\/posts"}],"about":[{"href":"http:\/\/desarrollo.grupomedios.com\/futbol\/wp-json\/wp\/v2\/types\/post"}],"author":[{"embeddable":true,"href":"http:\/\/desarrollo.grupomedios.com\/futbol\/wp-json\/wp\/v2\/users\/20"}],"replies":[{"embeddable":true,"href":"http:\/\/desarrollo.grupomedios.com\/futbol\/wp-json\/wp\/v2\/comments?post=497784"}],"version-history":[{"count":1,"href":"http:\/\/desarrollo.grupomedios.com\/futbol\/wp-json\/wp\/v2\/posts\/497784\/revisions"}],"predecessor-version":[{"id":497788,"href":"http:\/\/desarrollo.grupomedios.com\/futbol\/wp-json\/wp\/v2\/posts\/497784\/revisions\/497788"}],"wp:featuredmedia":[{"embeddable":true,"href":"http:\/\/desarrollo.grupomedios.com\/futbol\/wp-json\/wp\/v2\/media\/497787"}],"wp:attachment":[{"href":"http:\/\/desarrollo.grupomedios.com\/futbol\/wp-json\/wp\/v2\/media?parent=497784"}],"wp:term":[{"taxonomy":"category","embeddable":true,"href":"http:\/\/desarrollo.grupomedios.com\/futbol\/wp-json\/wp\/v2\/categories?post=497784"},{"taxonomy":"post_tag","embeddable":true,"href":"http:\/\/desarrollo.grupomedios.com\/futbol\/wp-json\/wp\/v2\/tags?post=497784"}],"curies":[{"name":"wp","href":"https:\/\/api.w.org\/{rel}","templated":true}]}}