{"id":497800,"date":"2017-09-02T15:14:47","date_gmt":"2017-09-02T20:14:47","guid":{"rendered":"https:\/\/www.futboltotal.com.mx\/?p=497800"},"modified":"2017-09-02T15:14:47","modified_gmt":"2017-09-02T20:14:47","slug":"manchester-city-demandara-al-arsenal-alexis-sanchez","status":"publish","type":"post","link":"http:\/\/desarrollo.grupomedios.com\/futbol\/futbol-internacional\/manchester-city-demandara-al-arsenal-alexis-sanchez\/2017\/09","title":{"rendered":"\u00bfManchester City demandar\u00e1 al Arsenal por Alexis S\u00e1nchez?"},"content":{"rendered":"<p><strong>Manchester City<\/strong> podr\u00eda demandar al <strong>Arsenal<\/strong> por el caso del jugador chileno, <strong>Alexis S\u00e1nchez<\/strong>.<\/p>\n<p>El andino quer\u00eda jugar en el Manchester City esta temporada y as\u00ed se lo hab\u00eda hecho saber a sus compa\u00f1eros de selecci\u00f3n, de acuerdo con\u00a0el <em>diario El Mercurio<\/em>.<\/p>\n<p style=\"text-align: center;\"><span style=\"color: #333399;\"><a style=\"color: #333399;\" href=\"https:\/\/www.futboltotal.com.mx\/2017\/09\/2-futbolistas-mexicanos-llegan-al-futbol-espana\/\" target=\"_blank\" rel=\"noopener noreferrer\">VER M\u00c1S: 2 jugadores\u00a0mexicanos m\u00e1s llegan al futbol de Espa\u00f1a<\/a><\/span><\/p>\n<p>Sin embargo, su traspaso no se consum\u00f3 luego que el Arsenal no pudiera fichar al franc\u00e9s\u00a0<strong>Thomas Lemar<\/strong>, por quien ofreci\u00f3 <strong>100 millones de euros\u00a0<\/strong>al <strong>AS M\u00f3naco<\/strong>.<\/p>\n<p>De acuerdo con <em>Fox Sports<\/em>, los Citizens podr\u00edan poner una queja formal, pues exist\u00eda un\u00a0precontrato firmado que por <strong>65.5 millones de\u00a0euros.<\/strong><\/p>\n<p style=\"text-align: center;\"><span style=\"color: #333399;\"><a style=\"color: #333399;\" href=\"https:\/\/www.futboltotal.com.mx\/2017\/09\/jugador-del-uruguay-argentina-literalmente-nada\/\" target=\"_blank\" rel=\"noopener noreferrer\">VER M\u00c1S: El jugador del Uruguay-Argentina que literalmente NO hizo nada<\/a><\/span><\/p>\n<div class=\"SandboxRoot env-bp-350\" data-twitter-event-id=\"0\"><\/div>\n<div class=\"SandboxRoot env-bp-350\" data-twitter-event-id=\"0\"><\/div>\n","protected":false},"excerpt":{"rendered":"<p>El andino ten\u00eda planeado jugar con los Citizens<\/p>\n","protected":false},"author":20,"featured_media":440110,"comment_status":"closed","ping_status":"closed","sticky":false,"template":"","format":"standard","meta":[],"categories":[3839],"tags":[6053,6044,5993,334],"_links":{"self":[{"href":"http:\/\/desarrollo.grupomedios.com\/futbol\/wp-json\/wp\/v2\/posts\/497800"}],"collection":[{"href":"http:\/\/desarrollo.grupomedios.com\/futbol\/wp-json\/wp\/v2\/posts"}],"about":[{"href":"http:\/\/desarrollo.grupomedios.com\/futbol\/wp-json\/wp\/v2\/types\/post"}],"author":[{"embeddable":true,"href":"http:\/\/desarrollo.grupomedios.com\/futbol\/wp-json\/wp\/v2\/users\/20"}],"replies":[{"embeddable":true,"href":"http:\/\/desarrollo.grupomedios.com\/futbol\/wp-json\/wp\/v2\/comments?post=497800"}],"version-history":[{"count":1,"href":"http:\/\/desarrollo.grupomedios.com\/futbol\/wp-json\/wp\/v2\/posts\/497800\/revisions"}],"predecessor-version":[{"id":497802,"href":"http:\/\/desarrollo.grupomedios.com\/futbol\/wp-json\/wp\/v2\/posts\/497800\/revisions\/497802"}],"wp:featuredmedia":[{"embeddable":true,"href":"http:\/\/desarrollo.grupomedios.com\/futbol\/wp-json\/wp\/v2\/media\/440110"}],"wp:attachment":[{"href":"http:\/\/desarrollo.grupomedios.com\/futbol\/wp-json\/wp\/v2\/media?parent=497800"}],"wp:term":[{"taxonomy":"category","embeddable":true,"href":"http:\/\/desarrollo.grupomedios.com\/futbol\/wp-json\/wp\/v2\/categories?post=497800"},{"taxonomy":"post_tag","embeddable":true,"href":"http:\/\/desarrollo.grupomedios.com\/futbol\/wp-json\/wp\/v2\/tags?post=497800"}],"curies":[{"name":"wp","href":"https:\/\/api.w.org\/{rel}","templated":true}]}}