{"id":497810,"date":"2017-09-02T15:41:19","date_gmt":"2017-09-02T20:41:19","guid":{"rendered":"https:\/\/www.futboltotal.com.mx\/?p=497810"},"modified":"2017-09-02T15:44:37","modified_gmt":"2017-09-02T20:44:37","slug":"espana-golea-a-italia-esta-cerca-del-mundial","status":"publish","type":"post","link":"http:\/\/desarrollo.grupomedios.com\/futbol\/destacado-home\/espana-golea-a-italia-esta-cerca-del-mundial\/2017\/09","title":{"rendered":"Espa\u00f1a golea a Italia y est\u00e1 muy cerca del Mundial"},"content":{"rendered":"<p>La selecci\u00f3n espa\u00f1ola de f\u00fatbol gan\u00f3 3-0 a la de <strong>Italia<\/strong> y dio un paso de gigante para clasificarse al Mundial de Rusia que se disputar\u00e1 el pr\u00f3ximo verano.<\/p>\n<p>Un doblete de Isco Alarc\u00f3n en la primera parte (minutos 19 y 40 de falta y con un disparo desde fuera del \u00e1rea) y otro tanto de \u00c1lvaro Morata en la segunda parte dieron los tres puntos a Espa\u00f1a.<\/p>\n<blockquote class=\"twitter-tweet\" data-lang=\"es\">\n<p dir=\"ltr\" lang=\"es\">Enhorabuena a la <a href=\"https:\/\/twitter.com\/SeFutbol\">@SeFutbol<\/a>. Con dos goles de nuestro andaluz <a href=\"https:\/\/twitter.com\/isco_alarcon\">@Isco_Alarcon<\/a>, cada vez m\u00e1s cerca de la <a href=\"https:\/\/twitter.com\/fifaworldcup_es\">@fifaworldcup_es<\/a>&#x1f3c6;<a href=\"https:\/\/twitter.com\/hashtag\/Espa%C3%B1aItalia?src=hash\">#Espa\u00f1aItalia<\/a> <a href=\"https:\/\/t.co\/nD1XMbW5h7\">pic.twitter.com\/nD1XMbW5h7<\/a><\/p>\n<p>\u2014 Juanma Moreno (@JuanMa_Moreno) <a href=\"https:\/\/twitter.com\/JuanMa_Moreno\/status\/904082119324028928\">2 de septiembre de 2017<\/a><\/p><\/blockquote>\n<p><script async src=\"\/\/platform.twitter.com\/widgets.js\" charset=\"utf-8\"><\/script><\/p>\n<p>Con este resultado, <strong>Espa\u00f1a<\/strong> se coloca tres puntos por delante de Italia en el grupo G y con los enfrentamientos particulares y la diferencia de goles ante Italia a favor de los hombres de Julen Lopetegui.<\/p>\n<blockquote class=\"twitter-video\" data-lang=\"es\">\n<p dir=\"ltr\" lang=\"es\">Vuelve a marcar la &#8220;Magia&#8221; de <a href=\"https:\/\/twitter.com\/isco_alarcon\">@isco_alarcon<\/a> Segundo Golazooooooooo! Es una maravilla! <a href=\"https:\/\/twitter.com\/hashtag\/Espa%C3%B1aItalia?src=hash\">#Espa\u00f1aItalia<\/a> Buffon sucumbe los goles madridistas! EF <a href=\"https:\/\/t.co\/kSc7SS5i5X\">pic.twitter.com\/kSc7SS5i5X<\/a><\/p>\n<p>\u2014 \uf8ffRealBenjys\u00ae (@RealBenjys) <a href=\"https:\/\/twitter.com\/RealBenjys\/status\/904063945585156097\">2 de septiembre de 2017<\/a><\/p><\/blockquote>\n<p><script async src=\"\/\/platform.twitter.com\/widgets.js\" charset=\"utf-8\"><\/script><\/p>\n","protected":false},"excerpt":{"rendered":"<p>Con doblete de Isco, la &#8216;Furia Roja&#8217; luci\u00f3 en el Bernab\u00e9u<\/p>\n","protected":false},"author":144,"featured_media":497812,"comment_status":"closed","ping_status":"closed","sticky":false,"template":"","format":"standard","meta":[],"categories":[5,7568,3839],"tags":[253,6071,292],"_links":{"self":[{"href":"http:\/\/desarrollo.grupomedios.com\/futbol\/wp-json\/wp\/v2\/posts\/497810"}],"collection":[{"href":"http:\/\/desarrollo.grupomedios.com\/futbol\/wp-json\/wp\/v2\/posts"}],"about":[{"href":"http:\/\/desarrollo.grupomedios.com\/futbol\/wp-json\/wp\/v2\/types\/post"}],"author":[{"embeddable":true,"href":"http:\/\/desarrollo.grupomedios.com\/futbol\/wp-json\/wp\/v2\/users\/144"}],"replies":[{"embeddable":true,"href":"http:\/\/desarrollo.grupomedios.com\/futbol\/wp-json\/wp\/v2\/comments?post=497810"}],"version-history":[{"count":3,"href":"http:\/\/desarrollo.grupomedios.com\/futbol\/wp-json\/wp\/v2\/posts\/497810\/revisions"}],"predecessor-version":[{"id":497815,"href":"http:\/\/desarrollo.grupomedios.com\/futbol\/wp-json\/wp\/v2\/posts\/497810\/revisions\/497815"}],"wp:featuredmedia":[{"embeddable":true,"href":"http:\/\/desarrollo.grupomedios.com\/futbol\/wp-json\/wp\/v2\/media\/497812"}],"wp:attachment":[{"href":"http:\/\/desarrollo.grupomedios.com\/futbol\/wp-json\/wp\/v2\/media?parent=497810"}],"wp:term":[{"taxonomy":"category","embeddable":true,"href":"http:\/\/desarrollo.grupomedios.com\/futbol\/wp-json\/wp\/v2\/categories?post=497810"},{"taxonomy":"post_tag","embeddable":true,"href":"http:\/\/desarrollo.grupomedios.com\/futbol\/wp-json\/wp\/v2\/tags?post=497810"}],"curies":[{"name":"wp","href":"https:\/\/api.w.org\/{rel}","templated":true}]}}