{"id":497816,"date":"2017-09-02T16:12:21","date_gmt":"2017-09-02T21:12:21","guid":{"rendered":"https:\/\/www.futboltotal.com.mx\/?p=497816"},"modified":"2017-09-02T16:12:21","modified_gmt":"2017-09-02T21:12:21","slug":"isco-humilla-a-verratti-en-2-ocasiones-checalo","status":"publish","type":"post","link":"http:\/\/desarrollo.grupomedios.com\/futbol\/futbol-internacional\/isco-humilla-a-verratti-en-2-ocasiones-checalo\/2017\/09","title":{"rendered":"Isco humilla a Verratti en 2 ocasiones \u00a1Ch\u00e9calo!"},"content":{"rendered":"<p><strong>Isco Alarc\u00f3n<\/strong> tuvo una noche de ensue\u00f1o ante Espa\u00f1a, anot\u00f3 dos goles y adem\u00e1s hizo pasar un mal rato al italiano <strong>Marco Verratti<\/strong>.<\/p>\n<p>El futbolista del <strong>Real Madrid<\/strong> se despach\u00f3 con un sombrerito y un t\u00fanel al centrocampista del<strong> PSG<\/strong>.<\/p>\n<blockquote class=\"twitter-video\" data-lang=\"es\">\n<p dir=\"ltr\" lang=\"es\">El sombrero de Isco a Verratti <a href=\"https:\/\/t.co\/MkdMl3vb6Q\">pic.twitter.com\/MkdMl3vb6Q<\/a><\/p>\n<p>\u2014 Coraz\u00f3n Blanco\u2122 (@CristianFdzz) <a href=\"https:\/\/twitter.com\/CristianFdzz\/status\/904077387318665218\">2 de septiembre de 2017<\/a><\/p><\/blockquote>\n<p><script async src=\"\/\/platform.twitter.com\/widgets.js\" charset=\"utf-8\"><\/script><\/p>\n<blockquote class=\"twitter-video\" data-lang=\"es\">\n<p dir=\"ltr\" lang=\"pt\">Caneta no Verratti e gol no Buffon. Hoje a noite de Isco est\u00e1 completa. <a href=\"https:\/\/t.co\/HULvOy1QBq\">pic.twitter.com\/HULvOy1QBq<\/a><\/p>\n<p>\u2014 Doentes por Futebol (@DoentesPFutebol) <a href=\"https:\/\/twitter.com\/DoentesPFutebol\/status\/904083974661836801\">2 de septiembre de 2017<\/a><\/p><\/blockquote>\n<p><script async src=\"\/\/platform.twitter.com\/widgets.js\" charset=\"utf-8\"><\/script><\/p>\n<p style=\"text-align: center;\"><span style=\"color: #333399;\"><a style=\"color: #333399;\" href=\"https:\/\/www.futboltotal.com.mx\/2017\/09\/miguel-layun-fue-bloqueado-porto\/\" target=\"_blank\" rel=\"noopener noreferrer\">VER M\u00c1S: Miguel Lay\u00fan fue bloqueado por el Porto<\/a><\/span><\/p>\n<p>Aunado a ello, uno de los dos goles que realizo los hizo ante la marca del italiano, una noche que querr\u00e1 olvidar a toda costa. El encuentro culmin\u00f3 con un contundente 3-0 a favor de los espa\u00f1oles.<\/p>\n<blockquote class=\"twitter-video\" data-lang=\"es\">\n<p dir=\"ltr\" lang=\"es\"><a href=\"https:\/\/twitter.com\/hashtag\/Isco?src=hash\">#Isco<\/a> para <a href=\"https:\/\/twitter.com\/hashtag\/Espa%C3%B1a?src=hash\">#Espa\u00f1a<\/a> 2 <a href=\"https:\/\/twitter.com\/hashtag\/Italia?src=hash\">#Italia<\/a> 0 <a href=\"https:\/\/t.co\/uCj8fIYtCY\">pic.twitter.com\/uCj8fIYtCY<\/a><\/p>\n<p>\u2014 La Repe Del Gol (@larepedelgol) <a href=\"https:\/\/twitter.com\/larepedelgol\/status\/904078612139307008\">2 de septiembre de 2017<\/a><\/p><\/blockquote>\n<p><script async src=\"\/\/platform.twitter.com\/widgets.js\" charset=\"utf-8\"><\/script><\/p>\n<p style=\"text-align: center;\"><span style=\"color: #333399;\"><a style=\"color: #333399;\" href=\"https:\/\/www.futboltotal.com.mx\/2017\/09\/cristiano-ronaldo-llegara-a-la-mls-en-3-anos\/\" target=\"_blank\" rel=\"noopener noreferrer\">VER M\u00c1S: Cristiano Ronaldo llegar\u00e1 a la MLS en 3 a\u00f1os<\/a><\/span><\/p>\n<p>&nbsp;<\/p>\n<p>&nbsp;<\/p>\n","protected":false},"excerpt":{"rendered":"<p>El espa\u00f1ol hizo ver mal al italiano en dos ocasiones<\/p>\n","protected":false},"author":20,"featured_media":497818,"comment_status":"closed","ping_status":"closed","sticky":false,"template":"","format":"standard","meta":[],"categories":[3839],"tags":[253,6071,292,2232,7287],"_links":{"self":[{"href":"http:\/\/desarrollo.grupomedios.com\/futbol\/wp-json\/wp\/v2\/posts\/497816"}],"collection":[{"href":"http:\/\/desarrollo.grupomedios.com\/futbol\/wp-json\/wp\/v2\/posts"}],"about":[{"href":"http:\/\/desarrollo.grupomedios.com\/futbol\/wp-json\/wp\/v2\/types\/post"}],"author":[{"embeddable":true,"href":"http:\/\/desarrollo.grupomedios.com\/futbol\/wp-json\/wp\/v2\/users\/20"}],"replies":[{"embeddable":true,"href":"http:\/\/desarrollo.grupomedios.com\/futbol\/wp-json\/wp\/v2\/comments?post=497816"}],"version-history":[{"count":1,"href":"http:\/\/desarrollo.grupomedios.com\/futbol\/wp-json\/wp\/v2\/posts\/497816\/revisions"}],"predecessor-version":[{"id":497819,"href":"http:\/\/desarrollo.grupomedios.com\/futbol\/wp-json\/wp\/v2\/posts\/497816\/revisions\/497819"}],"wp:featuredmedia":[{"embeddable":true,"href":"http:\/\/desarrollo.grupomedios.com\/futbol\/wp-json\/wp\/v2\/media\/497818"}],"wp:attachment":[{"href":"http:\/\/desarrollo.grupomedios.com\/futbol\/wp-json\/wp\/v2\/media?parent=497816"}],"wp:term":[{"taxonomy":"category","embeddable":true,"href":"http:\/\/desarrollo.grupomedios.com\/futbol\/wp-json\/wp\/v2\/categories?post=497816"},{"taxonomy":"post_tag","embeddable":true,"href":"http:\/\/desarrollo.grupomedios.com\/futbol\/wp-json\/wp\/v2\/tags?post=497816"}],"curies":[{"name":"wp","href":"https:\/\/api.w.org\/{rel}","templated":true}]}}