{"id":497867,"date":"2017-09-02T22:09:05","date_gmt":"2017-09-03T03:09:05","guid":{"rendered":"https:\/\/www.futboltotal.com.mx\/?p=497867"},"modified":"2017-09-02T22:09:05","modified_gmt":"2017-09-03T03:09:05","slug":"rayados-gana-clasico-regio-en-liga-femenil","status":"publish","type":"post","link":"http:\/\/desarrollo.grupomedios.com\/futbol\/futbol-mexicano\/rayados-gana-clasico-regio-en-liga-femenil\/2017\/09","title":{"rendered":"Rayados gana el Cl\u00e1sico Regio en Liga Femenil"},"content":{"rendered":"<p>En el primer duelo oficial del Cl\u00e1sico Regio en la Liga Femenil MX, los Rayados de <strong>Monterrey<\/strong> lograron el triunfo por 2-1 sobre los <strong>Tigres de la UANL<\/strong>.<\/p>\n<p>Rebeca Bernal abri\u00f3 las hostilidades para las rayadas al minuto 5 del partido.<\/p>\n<p style=\"text-align: center;\"><span style=\"color: #333399;\"><a style=\"color: #333399;\" href=\"https:\/\/www.futboltotal.com.mx\/2017\/09\/201709america-femenil-saca-triunfo-ultimo-minuto-sobre-pumas\/\">VER M\u00c1S:\u00a0<span class=\"item-title\">El Am\u00e9rica Femenil saca el triunfo de \u00faltimo minuto sobre Pumas<\/span><\/a><\/span><\/p>\n<p>Los Tigres no se dar\u00edan por vencidas y al minuto 41 igualaron por medio de Blanca Mar\u00eda Sol\u00eds, para terminar as\u00ed el primer tiempo del encuentro.<\/p>\n<p>En la segunda mitad, fue <strong>Daniela Lizbeth Sol\u00eds<\/strong> la que consigui\u00f3 el gol de la victoria para Monterrey, y los tres puntos del equipo femenil.<\/p>\n","protected":false},"excerpt":{"rendered":"<p>Monterrey logr\u00f3 salir adelante con un gol al minuto 81<\/p>\n","protected":false},"author":20,"featured_media":497868,"comment_status":"closed","ping_status":"closed","sticky":false,"template":"","format":"standard","meta":[],"categories":[2198,9628],"tags":[8026,5966,5973],"_links":{"self":[{"href":"http:\/\/desarrollo.grupomedios.com\/futbol\/wp-json\/wp\/v2\/posts\/497867"}],"collection":[{"href":"http:\/\/desarrollo.grupomedios.com\/futbol\/wp-json\/wp\/v2\/posts"}],"about":[{"href":"http:\/\/desarrollo.grupomedios.com\/futbol\/wp-json\/wp\/v2\/types\/post"}],"author":[{"embeddable":true,"href":"http:\/\/desarrollo.grupomedios.com\/futbol\/wp-json\/wp\/v2\/users\/20"}],"replies":[{"embeddable":true,"href":"http:\/\/desarrollo.grupomedios.com\/futbol\/wp-json\/wp\/v2\/comments?post=497867"}],"version-history":[{"count":1,"href":"http:\/\/desarrollo.grupomedios.com\/futbol\/wp-json\/wp\/v2\/posts\/497867\/revisions"}],"predecessor-version":[{"id":497869,"href":"http:\/\/desarrollo.grupomedios.com\/futbol\/wp-json\/wp\/v2\/posts\/497867\/revisions\/497869"}],"wp:featuredmedia":[{"embeddable":true,"href":"http:\/\/desarrollo.grupomedios.com\/futbol\/wp-json\/wp\/v2\/media\/497868"}],"wp:attachment":[{"href":"http:\/\/desarrollo.grupomedios.com\/futbol\/wp-json\/wp\/v2\/media?parent=497867"}],"wp:term":[{"taxonomy":"category","embeddable":true,"href":"http:\/\/desarrollo.grupomedios.com\/futbol\/wp-json\/wp\/v2\/categories?post=497867"},{"taxonomy":"post_tag","embeddable":true,"href":"http:\/\/desarrollo.grupomedios.com\/futbol\/wp-json\/wp\/v2\/tags?post=497867"}],"curies":[{"name":"wp","href":"https:\/\/api.w.org\/{rel}","templated":true}]}}