{"id":497874,"date":"2017-09-03T08:49:25","date_gmt":"2017-09-03T13:49:25","guid":{"rendered":"https:\/\/www.futboltotal.com.mx\/?p=497874"},"modified":"2017-09-03T08:49:25","modified_gmt":"2017-09-03T13:49:25","slug":"carlos-reinoso-trolleo-al-tri-osorio-en-twitter","status":"publish","type":"post","link":"http:\/\/desarrollo.grupomedios.com\/futbol\/futbol-mexicano\/carlos-reinoso-trolleo-al-tri-osorio-en-twitter\/2017\/09","title":{"rendered":"Carlos Reinoso trolle\u00f3 al TRI de Osorio en Twitter"},"content":{"rendered":"<p>A pesar de haber <span style=\"color: #3366ff;\"><a style=\"color: #3366ff;\" href=\"https:\/\/www.futboltotal.com.mx\/2017\/09\/201709cronica-resultados-mexico-1-0-panama-hexagonal-final\/\" target=\"_blank\" rel=\"noopener noreferrer\">obtenido la clasificaci\u00f3n al Mundial de Rusia 2018<\/a><\/span>, el Tri de <strong>Juan Carlos Osorio<\/strong> no tiene contento a nadie.<\/p>\n<p>As\u00ed lo dej\u00f3 ver <strong>Carlos Reinoso<\/strong>, quien durante el <span style=\"color: #3366ff;\"><a style=\"color: #3366ff;\" href=\"https:\/\/www.futboltotal.com.mx\/2017\/09\/espana-golea-a-italia-esta-cerca-del-mundial\/\" target=\"_blank\" rel=\"noopener noreferrer\">partido entre Espa\u00f1a e Italia<\/a><\/span> de las eliminatorias de UEFA, critic\u00f3 la forma de dirigir del colombiano.<\/p>\n<p>Primero comparti\u00f3 una imagen donde informaba de su rehabilitaci\u00f3n en la rodilla y disfrutar\u00eda del partido europeo.<\/p>\n<p style=\"text-align: center;\"><span style=\"color: #3366ff;\"><a style=\"color: #3366ff;\" href=\"https:\/\/www.futboltotal.com.mx\/2017\/09\/brutal-golpe-sufre-paolo-goltz-en-boca-river\/\">VER M\u00c1S: Brutal golpe que sufre Paolo Goltz en el Boca-River<\/a><\/span><\/p>\n<blockquote class=\"twitter-tweet\" data-data-dnt=\"true\">\n<p lang=\"es\" dir=\"ltr\">Reabilitacion en s\u00e1bado viendo Espa\u00f1a \ud83c\udfd0Italia partidazooo <a href=\"https:\/\/t.co\/TRAne4H820\">pic.twitter.com\/TRAne4H820<\/a><\/p>\n<p>&mdash; Carlos Reinoso V (@Carlos8Reinoso) <a href=\"https:\/\/twitter.com\/Carlos8Reinoso\/status\/904072898364686336?ref_src=twsrc%5Etfw\">September 2, 2017<\/a><\/p><\/blockquote>\n<p><script async src=\"https:\/\/platform.twitter.com\/widgets.js\" charset=\"utf-8\"><\/script><\/p>\n<p>Fue minutos despu\u00e9s cuando <strong>Carlos Reinoso trolle\u00f3 al TRI de Osorio<\/strong> a trav\u00e9s de su misma cuenta de Twitter.<\/p>\n<blockquote class=\"twitter-tweet\" data-data-dnt=\"true\">\n<p lang=\"es\" dir=\"ltr\">\ud83d\ude02\ud83d\ude02\ud83d\ude02sin rotaciones y cada uno en su posici\u00f3n \ud83d\ude02\ud83d\ude02\ud83d\ude02 <a href=\"https:\/\/t.co\/e4SBcV3o1x\">pic.twitter.com\/e4SBcV3o1x<\/a><\/p>\n<p>&mdash; Carlos Reinoso V (@Carlos8Reinoso) <a href=\"https:\/\/twitter.com\/Carlos8Reinoso\/status\/904073674763886592?ref_src=twsrc%5Etfw\">September 2, 2017<\/a><\/p><\/blockquote>\n<p><script async src=\"https:\/\/platform.twitter.com\/widgets.js\" charset=\"utf-8\"><\/script><\/p>\n","protected":false},"excerpt":{"rendered":"<p>El ex entrenador se burl\u00f3 a trav\u00e9s de Twitter.<\/p>\n","protected":false},"author":20,"featured_media":464576,"comment_status":"closed","ping_status":"closed","sticky":false,"template":"","format":"standard","meta":[],"categories":[5419,2198],"tags":[4538,6196],"_links":{"self":[{"href":"http:\/\/desarrollo.grupomedios.com\/futbol\/wp-json\/wp\/v2\/posts\/497874"}],"collection":[{"href":"http:\/\/desarrollo.grupomedios.com\/futbol\/wp-json\/wp\/v2\/posts"}],"about":[{"href":"http:\/\/desarrollo.grupomedios.com\/futbol\/wp-json\/wp\/v2\/types\/post"}],"author":[{"embeddable":true,"href":"http:\/\/desarrollo.grupomedios.com\/futbol\/wp-json\/wp\/v2\/users\/20"}],"replies":[{"embeddable":true,"href":"http:\/\/desarrollo.grupomedios.com\/futbol\/wp-json\/wp\/v2\/comments?post=497874"}],"version-history":[{"count":1,"href":"http:\/\/desarrollo.grupomedios.com\/futbol\/wp-json\/wp\/v2\/posts\/497874\/revisions"}],"predecessor-version":[{"id":497875,"href":"http:\/\/desarrollo.grupomedios.com\/futbol\/wp-json\/wp\/v2\/posts\/497874\/revisions\/497875"}],"wp:featuredmedia":[{"embeddable":true,"href":"http:\/\/desarrollo.grupomedios.com\/futbol\/wp-json\/wp\/v2\/media\/464576"}],"wp:attachment":[{"href":"http:\/\/desarrollo.grupomedios.com\/futbol\/wp-json\/wp\/v2\/media?parent=497874"}],"wp:term":[{"taxonomy":"category","embeddable":true,"href":"http:\/\/desarrollo.grupomedios.com\/futbol\/wp-json\/wp\/v2\/categories?post=497874"},{"taxonomy":"post_tag","embeddable":true,"href":"http:\/\/desarrollo.grupomedios.com\/futbol\/wp-json\/wp\/v2\/tags?post=497874"}],"curies":[{"name":"wp","href":"https:\/\/api.w.org\/{rel}","templated":true}]}}