{"id":497878,"date":"2017-09-03T09:19:03","date_gmt":"2017-09-03T14:19:03","guid":{"rendered":"https:\/\/www.futboltotal.com.mx\/?p=497878"},"modified":"2017-09-03T09:19:03","modified_gmt":"2017-09-03T14:19:03","slug":"revelan-fecha-salida-del-nuevo-jersey-mexico","status":"publish","type":"post","link":"http:\/\/desarrollo.grupomedios.com\/futbol\/destacado-home\/revelan-fecha-salida-del-nuevo-jersey-mexico\/2017\/09","title":{"rendered":"Revelan fecha de salida del nuevo jersey de M\u00e9xico"},"content":{"rendered":"<p>Con el <span style=\"color: #3366ff;\"><a style=\"color: #3366ff;\" href=\"https:\/\/www.futboltotal.com.mx\/2017\/09\/201709cronica-resultados-mexico-1-0-panama-hexagonal-final\/\" target=\"_blank\" rel=\"noopener noreferrer\">pase obtenido a la Copa del Mundo de Rusia 2018<\/a><\/span>, <strong>M\u00e9xico<\/strong> estar\u00e1 estrenando su nuevo uniforme a finales de este 2017.<\/p>\n<p>Y es que seg\u00fan informa el sitio web <em>Footy Headlines<\/em>, el Tri portar\u00e1 por primera vez su nuevo uniforme el pr\u00f3ximo seis de noviembre junto a selecciones como Alemania; Argentina; B\u00e9lgica; Colombia; Espa\u00f1a y Rusia, que tambi\u00e9n forman parte de adidas.<\/p>\n<p style=\"text-align: center;\"><span style=\"color: #3366ff;\"><a style=\"color: #3366ff;\" href=\"https:\/\/www.futboltotal.com.mx\/2017\/09\/carlos-reinoso-trolleo-al-tri-osorio-en-twitter\/\">VER M\u00c1S: Carlos Reinoso trolle\u00f3 al TRI de Osorio en Twitter<\/a><\/span><\/p>\n<p><a href=\"https:\/\/www.futboltotal.com.mx\/wp-content\/uploads\/2017\/03\/Mexico1.jpeg\"><img decoding=\"async\" loading=\"lazy\" class=\"size-full wp-image-466098 aligncenter\" src=\"https:\/\/www.futboltotal.com.mx\/wp-content\/uploads\/2017\/03\/Mexico1.jpeg\" alt=\"Revelan fecha de salida del nuevo jersey de M\u00e9xico 0\" srcset=\"http:\/\/desarrollo.grupomedios.com\/futbol\/wp-content\/uploads\/2017\/03\/Mexico1.jpeg 550w, http:\/\/desarrollo.grupomedios.com\/futbol\/wp-content\/uploads\/2017\/03\/Mexico1-300x271.jpeg 300w\" sizes=\"(max-width: 550px) 100vw, 550px\" \/><\/a><\/p>\n<p>El jersey de visitante lo usar\u00e1n apenas tres meses antes del certamen mundialista, pues <strong>M\u00e9xico<\/strong> jugar\u00e1 en la fecha FIFA de marzo en un partido amistoso de cara a la Copa del Mundo.<\/p>\n<p><img decoding=\"async\" class=\"aligncenter\" src=\"http:\/\/www.record.com.mx\/sites\/default\/files\/articulos\/2017\/09\/02\/mexico-2017-away-kit_2ok-20170902202804.jpg\" \/><\/p>\n","protected":false},"excerpt":{"rendered":"<p>El Tri estrenar\u00e1 jersey de lujo para Rusia 2018.<\/p>\n","protected":false},"author":20,"featured_media":483934,"comment_status":"closed","ping_status":"closed","sticky":false,"template":"","format":"standard","meta":[],"categories":[5,2198,3847],"tags":[1560,10053,65,2232],"_links":{"self":[{"href":"http:\/\/desarrollo.grupomedios.com\/futbol\/wp-json\/wp\/v2\/posts\/497878"}],"collection":[{"href":"http:\/\/desarrollo.grupomedios.com\/futbol\/wp-json\/wp\/v2\/posts"}],"about":[{"href":"http:\/\/desarrollo.grupomedios.com\/futbol\/wp-json\/wp\/v2\/types\/post"}],"author":[{"embeddable":true,"href":"http:\/\/desarrollo.grupomedios.com\/futbol\/wp-json\/wp\/v2\/users\/20"}],"replies":[{"embeddable":true,"href":"http:\/\/desarrollo.grupomedios.com\/futbol\/wp-json\/wp\/v2\/comments?post=497878"}],"version-history":[{"count":1,"href":"http:\/\/desarrollo.grupomedios.com\/futbol\/wp-json\/wp\/v2\/posts\/497878\/revisions"}],"predecessor-version":[{"id":497879,"href":"http:\/\/desarrollo.grupomedios.com\/futbol\/wp-json\/wp\/v2\/posts\/497878\/revisions\/497879"}],"wp:featuredmedia":[{"embeddable":true,"href":"http:\/\/desarrollo.grupomedios.com\/futbol\/wp-json\/wp\/v2\/media\/483934"}],"wp:attachment":[{"href":"http:\/\/desarrollo.grupomedios.com\/futbol\/wp-json\/wp\/v2\/media?parent=497878"}],"wp:term":[{"taxonomy":"category","embeddable":true,"href":"http:\/\/desarrollo.grupomedios.com\/futbol\/wp-json\/wp\/v2\/categories?post=497878"},{"taxonomy":"post_tag","embeddable":true,"href":"http:\/\/desarrollo.grupomedios.com\/futbol\/wp-json\/wp\/v2\/tags?post=497878"}],"curies":[{"name":"wp","href":"https:\/\/api.w.org\/{rel}","templated":true}]}}