{"id":497896,"date":"2017-09-03T12:29:43","date_gmt":"2017-09-03T17:29:43","guid":{"rendered":"https:\/\/www.futboltotal.com.mx\/?p=497896"},"modified":"2017-09-03T12:29:43","modified_gmt":"2017-09-03T17:29:43","slug":"tuitero-engano-a-prensa-supuesta-frase-veratti-isco","status":"publish","type":"post","link":"http:\/\/desarrollo.grupomedios.com\/futbol\/futbol-internacional\/tuitero-engano-a-prensa-supuesta-frase-veratti-isco\/2017\/09","title":{"rendered":"Tuitero enga\u00f1\u00f3 a prensa con supuesta frase de Veratti sobre Isco"},"content":{"rendered":"<p>Un usuario de Twitter se aprovech\u00f3 de la veracidad de las redes sociales y se encarg\u00f3 de enga\u00f1ar a la prensa deportiva con unas supuestas declaraciones del italiano <strong>Marco Verratti<\/strong>.<\/p>\n<p>Durante el duelo <span style=\"color: #3366ff;\"><a style=\"color: #3366ff;\" href=\"https:\/\/www.futboltotal.com.mx\/2017\/09\/espana-golea-a-italia-esta-cerca-del-mundial\/\" target=\"_blank\" rel=\"noopener noreferrer\">donde Espa\u00f1a bail\u00f3 a Italia<\/a><\/span>, el mediocampista <strong>Isco Alarc\u00f3n<\/strong> hizo un &#8216;ca\u00f1o&#8217; a <strong>Verratti<\/strong> y lo dej\u00f3 pr\u00e1cticamente parado.<\/p>\n<p style=\"text-align: center;\"><span style=\"color: #3366ff;\"><a style=\"color: #3366ff;\" href=\"https:\/\/www.futboltotal.com.mx\/2017\/09\/mexico-jugaria-ultimo-partido-eliminatorio-del-azteca\/\">VER M\u00c1S: M\u00e9xico jugar\u00eda \u00faltimo partido eliminatorio fuera del Azteca<\/a><\/span><\/p>\n<blockquote class=\"twitter-tweet\" data-data-dnt=\"true\">\n<p lang=\"es\" dir=\"ltr\">El hermoso ca\u00f1o de Isco a Verratti. Para ver mil veces. \u00a1Qu\u00e9 crack! \ud83d\udd1d <a href=\"https:\/\/t.co\/aTaWIk4rKT\">pic.twitter.com\/aTaWIk4rKT<\/a><\/p>\n<p>&mdash; Gast\u00f3n Ninin (@niningaston) <a href=\"https:\/\/twitter.com\/niningaston\/status\/904077128949477376?ref_src=twsrc%5Etfw\">September 2, 2017<\/a><\/p><\/blockquote>\n<p><script async src=\"https:\/\/platform.twitter.com\/widgets.js\" charset=\"utf-8\"><\/script><\/p>\n<p>Seg\u00fan el tuitero, el jugador del PSG habl\u00f3 de Isco y dijo estas palabras: &#8220;He sufrido mucho con Isco esta noche. Me ha impactado su actuaci\u00f3n, ni siquiera Messi se acerca a ese nivel&#8221;.<\/p>\n<p>Medios como ESPN, Marca, Bleacher Report y algunos otros, cayeron en la publicaci\u00f3n de @quillobarrios, quien seg\u00fan \u00e9l, Verratti hab\u00eda declarado a Sky Sports Italia.<\/p>\n<blockquote class=\"twitter-tweet\" data-width=\"500\">\n<p lang=\"en\" dir=\"ltr\">Invent.<\/p>\n<p>&mdash; Jorge (@quillobarrios) <a href=\"https:\/\/twitter.com\/quillobarrios\/status\/904120186143469568\">September 2, 2017<\/a><\/p><\/blockquote>\n<p><script async src=\"\/\/platform.twitter.com\/widgets.js\" charset=\"utf-8\"><\/script><\/p>\n","protected":false},"excerpt":{"rendered":"<p>El italiano hab\u00eda aceptado que Isco lo bail\u00f3.<\/p>\n","protected":false},"author":20,"featured_media":497897,"comment_status":"closed","ping_status":"closed","sticky":false,"template":"","format":"standard","meta":[],"categories":[3839],"tags":[253,292,4086],"_links":{"self":[{"href":"http:\/\/desarrollo.grupomedios.com\/futbol\/wp-json\/wp\/v2\/posts\/497896"}],"collection":[{"href":"http:\/\/desarrollo.grupomedios.com\/futbol\/wp-json\/wp\/v2\/posts"}],"about":[{"href":"http:\/\/desarrollo.grupomedios.com\/futbol\/wp-json\/wp\/v2\/types\/post"}],"author":[{"embeddable":true,"href":"http:\/\/desarrollo.grupomedios.com\/futbol\/wp-json\/wp\/v2\/users\/20"}],"replies":[{"embeddable":true,"href":"http:\/\/desarrollo.grupomedios.com\/futbol\/wp-json\/wp\/v2\/comments?post=497896"}],"version-history":[{"count":1,"href":"http:\/\/desarrollo.grupomedios.com\/futbol\/wp-json\/wp\/v2\/posts\/497896\/revisions"}],"predecessor-version":[{"id":497898,"href":"http:\/\/desarrollo.grupomedios.com\/futbol\/wp-json\/wp\/v2\/posts\/497896\/revisions\/497898"}],"wp:featuredmedia":[{"embeddable":true,"href":"http:\/\/desarrollo.grupomedios.com\/futbol\/wp-json\/wp\/v2\/media\/497897"}],"wp:attachment":[{"href":"http:\/\/desarrollo.grupomedios.com\/futbol\/wp-json\/wp\/v2\/media?parent=497896"}],"wp:term":[{"taxonomy":"category","embeddable":true,"href":"http:\/\/desarrollo.grupomedios.com\/futbol\/wp-json\/wp\/v2\/categories?post=497896"},{"taxonomy":"post_tag","embeddable":true,"href":"http:\/\/desarrollo.grupomedios.com\/futbol\/wp-json\/wp\/v2\/tags?post=497896"}],"curies":[{"name":"wp","href":"https:\/\/api.w.org\/{rel}","templated":true}]}}