{"id":497934,"date":"2017-09-03T17:40:29","date_gmt":"2017-09-03T22:40:29","guid":{"rendered":"https:\/\/www.futboltotal.com.mx\/?p=497934"},"modified":"2017-09-03T17:40:29","modified_gmt":"2017-09-03T22:40:29","slug":"ginevra-sozzi-la-nueva-joya-paulo-dybala","status":"publish","type":"post","link":"http:\/\/desarrollo.grupomedios.com\/futbol\/futbol-internacional\/ginevra-sozzi-la-nueva-joya-paulo-dybala\/2017\/09","title":{"rendered":"Ginevra Sozzi, \u00bfla nueva &#8216;joya&#8217; de Paulo Dybala?"},"content":{"rendered":"<p><strong>Paulo Dybala<\/strong> ha vivido sus mejores momentos como futbolista en el \u00faltimo a\u00f1o, lo que lo ha llevado hasta la selecci\u00f3n de Argentina. Personalmente, parece que no hay nadie que pare a la &#8216;joya&#8217; de la Juventus.<\/p>\n<p>La revista Spy dio a conocer que el argentino podr\u00eda tener una relaci\u00f3n con la joven italiana <strong>Ginevra Sozzi<\/strong>, la cual desconoc\u00eda la presencia del futbolista hasta que la empez\u00f3 a cortejar.<\/p>\n<p style=\"text-align: center;\"><span style=\"color: #333399;\"><a style=\"color: #333399;\" href=\"https:\/\/www.futboltotal.com.mx\/2017\/09\/belgica-sexta-seleccion-calificada-mundial-rusia-2018\/\">VER M\u00c1S:\u00a0<span class=\"item-title\">B\u00e9lgica, sexta selecci\u00f3n calificada al Mundial Rusia 2018<\/span><\/a><\/span><\/p>\n<p>&#8220;\u00c9l comenz\u00f3 a cortejarme y simplemente correspond\u00ed a sus mensajes y gestos de cari\u00f1o que tuvo conmigo&#8221;, explic\u00f3 Sozzi.<\/p>\n<p>Dybala actualmente se encuentra en concentraci\u00f3n con la albiceleste para sus duelos de eliminatoria sudamericana.<\/p>\n<blockquote class=\"instagram-media\" style=\"background: #FFF; border: 0; border-radius: 3px; box-shadow: 0 0 1px 0 rgba(0,0,0,0.5),0 1px 10px 0 rgba(0,0,0,0.15); margin: 1px; max-width: 658px; padding: 0; width: calc(100% - 2px);\" data-instgrm-captioned=\"\" data-instgrm-version=\"7\">\n<div style=\"padding: 8px;\">\n<div style=\"background: #F8F8F8; line-height: 0; margin-top: 40px; padding: 62.5% 0; text-align: center; width: 100%;\"><\/div>\n<p style=\"margin: 8px 0 0 0; padding: 0 4px;\"><a style=\"color: #000; font-family: Arial,sans-serif; font-size: 14px; font-style: normal; font-weight: normal; line-height: 17px; text-decoration: none; word-wrap: break-word;\" href=\"https:\/\/www.instagram.com\/p\/BYTaEBAgXyl\/\" target=\"_blank\" rel=\"noopener noreferrer\">Cloudy day &#x1f325; #now #G #happydays #meno7<\/a><\/p>\n<p style=\"color: #c9c8cd; font-family: Arial,sans-serif; font-size: 14px; line-height: 17px; margin-bottom: 0; margin-top: 8px; overflow: hidden; padding: 8px 0 7px; text-align: center; text-overflow: ellipsis; white-space: nowrap;\">Una publicaci\u00f3n compartida de Ginevra Francesca Sozzi (@ginevrafrancescasozzi) el <time style=\"font-family: Arial,sans-serif; font-size: 14px; line-height: 17px;\" datetime=\"2017-08-27T16:03:01+00:00\">27 de Ago de 2017 a la(s) 9:03 PDT<\/time><\/p>\n<\/div>\n<\/blockquote>\n<p><script async defer src=\"\/\/platform.instagram.com\/en_US\/embeds.js\"><\/script><\/p>\n","protected":false},"excerpt":{"rendered":"<p>La joven italiana ser\u00eda la nueva pareja del futbolista argentino<\/p>\n","protected":false},"author":20,"featured_media":497936,"comment_status":"closed","ping_status":"closed","sticky":false,"template":"","format":"standard","meta":[],"categories":[5419,3839,3848],"tags":[5996,10063,5999,6669],"_links":{"self":[{"href":"http:\/\/desarrollo.grupomedios.com\/futbol\/wp-json\/wp\/v2\/posts\/497934"}],"collection":[{"href":"http:\/\/desarrollo.grupomedios.com\/futbol\/wp-json\/wp\/v2\/posts"}],"about":[{"href":"http:\/\/desarrollo.grupomedios.com\/futbol\/wp-json\/wp\/v2\/types\/post"}],"author":[{"embeddable":true,"href":"http:\/\/desarrollo.grupomedios.com\/futbol\/wp-json\/wp\/v2\/users\/20"}],"replies":[{"embeddable":true,"href":"http:\/\/desarrollo.grupomedios.com\/futbol\/wp-json\/wp\/v2\/comments?post=497934"}],"version-history":[{"count":1,"href":"http:\/\/desarrollo.grupomedios.com\/futbol\/wp-json\/wp\/v2\/posts\/497934\/revisions"}],"predecessor-version":[{"id":497937,"href":"http:\/\/desarrollo.grupomedios.com\/futbol\/wp-json\/wp\/v2\/posts\/497934\/revisions\/497937"}],"wp:featuredmedia":[{"embeddable":true,"href":"http:\/\/desarrollo.grupomedios.com\/futbol\/wp-json\/wp\/v2\/media\/497936"}],"wp:attachment":[{"href":"http:\/\/desarrollo.grupomedios.com\/futbol\/wp-json\/wp\/v2\/media?parent=497934"}],"wp:term":[{"taxonomy":"category","embeddable":true,"href":"http:\/\/desarrollo.grupomedios.com\/futbol\/wp-json\/wp\/v2\/categories?post=497934"},{"taxonomy":"post_tag","embeddable":true,"href":"http:\/\/desarrollo.grupomedios.com\/futbol\/wp-json\/wp\/v2\/tags?post=497934"}],"curies":[{"name":"wp","href":"https:\/\/api.w.org\/{rel}","templated":true}]}}