{"id":497949,"date":"2017-09-03T18:54:06","date_gmt":"2017-09-03T23:54:06","guid":{"rendered":"https:\/\/www.futboltotal.com.mx\/?p=497949"},"modified":"2017-09-03T19:38:59","modified_gmt":"2017-09-04T00:38:59","slug":"fallece-ultiminio-ramos-leyenda-del-boxeo-mexicano","status":"publish","type":"post","link":"http:\/\/desarrollo.grupomedios.com\/futbol\/box\/fallece-ultiminio-ramos-leyenda-del-boxeo-mexicano\/2017\/09","title":{"rendered":"Fallece Ultiminio Ramos, leyenda del boxeo mexicano"},"content":{"rendered":"<p>El boxeador cubano-mexicano <strong>Ultiminio Ramos<\/strong> falleci\u00f3 a la edad de 75 a\u00f1os, v\u00edctima del c\u00e1ncer.<\/p>\n<p>La cadena ESPN dio a conocer que el pugilista pereci\u00f3 despu\u00e9s de la constante batalla que libr\u00f3 el &#8216;Sugar&#8217; Ramos con el c\u00e1ncer y una fractura de cadera que tuvo en sus \u00faltimos meses.<\/p>\n<p>Ramos fue parte de la \u00e9poca dorada del boxeo mundial, y pele\u00f3 contra boxeadores de la talla de <strong>Carlos Ortiz<\/strong>.<\/p>\n<p style=\"text-align: center;\"><span style=\"color: #333399;\"><a style=\"color: #333399;\" href=\"https:\/\/www.futboltotal.com.mx\/2017\/09\/maria-sharapova-cayo-ante-sevastova-dice-adios-al-us-open\/\">VER M\u00c1S: <span class=\"item-title\">Maria Sharapova cay\u00f3 ante Sevastova y dice adi\u00f3s al US Open<\/span><\/a><\/span><\/p>\n","protected":false},"excerpt":{"rendered":"<p>El boxeador cubano-mexicano falleci\u00f3 a los 75 a\u00f1os de edad<\/p>\n","protected":false},"author":20,"featured_media":497950,"comment_status":"closed","ping_status":"closed","sticky":false,"template":"","format":"standard","meta":[],"categories":[6282],"tags":[5936,10066],"_links":{"self":[{"href":"http:\/\/desarrollo.grupomedios.com\/futbol\/wp-json\/wp\/v2\/posts\/497949"}],"collection":[{"href":"http:\/\/desarrollo.grupomedios.com\/futbol\/wp-json\/wp\/v2\/posts"}],"about":[{"href":"http:\/\/desarrollo.grupomedios.com\/futbol\/wp-json\/wp\/v2\/types\/post"}],"author":[{"embeddable":true,"href":"http:\/\/desarrollo.grupomedios.com\/futbol\/wp-json\/wp\/v2\/users\/20"}],"replies":[{"embeddable":true,"href":"http:\/\/desarrollo.grupomedios.com\/futbol\/wp-json\/wp\/v2\/comments?post=497949"}],"version-history":[{"count":1,"href":"http:\/\/desarrollo.grupomedios.com\/futbol\/wp-json\/wp\/v2\/posts\/497949\/revisions"}],"predecessor-version":[{"id":497951,"href":"http:\/\/desarrollo.grupomedios.com\/futbol\/wp-json\/wp\/v2\/posts\/497949\/revisions\/497951"}],"wp:featuredmedia":[{"embeddable":true,"href":"http:\/\/desarrollo.grupomedios.com\/futbol\/wp-json\/wp\/v2\/media\/497950"}],"wp:attachment":[{"href":"http:\/\/desarrollo.grupomedios.com\/futbol\/wp-json\/wp\/v2\/media?parent=497949"}],"wp:term":[{"taxonomy":"category","embeddable":true,"href":"http:\/\/desarrollo.grupomedios.com\/futbol\/wp-json\/wp\/v2\/categories?post=497949"},{"taxonomy":"post_tag","embeddable":true,"href":"http:\/\/desarrollo.grupomedios.com\/futbol\/wp-json\/wp\/v2\/tags?post=497949"}],"curies":[{"name":"wp","href":"https:\/\/api.w.org\/{rel}","templated":true}]}}